{"id":2983,"date":"2010-05-18T20:43:23","date_gmt":"2010-05-18T19:43:23","guid":{"rendered":"http:\/\/aula21.net\/aulablog21\/?p=2983"},"modified":"2010-05-18T21:17:20","modified_gmt":"2010-05-18T20:17:20","slug":"si-me-siento-de-educacontic","status":"publish","type":"post","link":"http:\/\/aula21.net\/aulablog21\/archives\/2010\/05\/18\/si-me-siento-de-educacontic\/","title":{"rendered":"S\u00ed, me siento de educ@contic"},"content":{"rendered":"<p><!--adsense--><br \/>\nDel 14 al 15 de mayo se ha celebrado en Guadix el <a href=\"http:\/\/profeblog.es\/blog\/eabe10\/\" target=\"_blank\">II Encuentro Andaluz  de Blogs Educativos (EABE10)<\/a>.<br \/>\nEn el <a title=\"EABE10\" href=\"http:\/\/www.cepguadix.es\/%7Eeabe10\/\" target=\"_blank\">CEP de Guadix<\/a> se han reunido docentes que usan con acierto los blogs como herramienta educativa<\/p>\n<p>De todo lo all\u00ed ocurrido una de las cosas que mas me han gustado y llamado la atenci\u00f3n es la maravillosa actuaci\u00f3n de varios de mis compa\u00f1eros de <a href=\"http:\/\/profeblog.es\/blog\/eabe10\/\" target=\"_blank\">educacontic<\/a> presentando ese magn\u00edfico portal en el que colaboro desde que empez\u00f3, ahora hace 1 a\u00f1o.<\/p>\n<p>El trio est\u00e1 formado por <a href=\"http:\/\/www.adelat.org\" target=\"_blank\">An\u00edbal de la Torre<\/a>, <a href=\"http:\/\/deestranjis.blogspot.com\/\" target=\"_blank\">Fernando Trujillo<\/a> y Sandra de Red.es<\/p>\n<p><object classid=\"clsid:d27cdb6e-ae6d-11cf-96b8-444553540000\" width=\"488\" height=\"303\" codebase=\"http:\/\/download.macromedia.com\/pub\/shockwave\/cabs\/flash\/swflash.cab#version=6,0,40,0\"><param name=\"allowFullScreen\" value=\"true\" \/><param name=\"allowscriptaccess\" value=\"always\" \/><param name=\"src\" value=\"http:\/\/www.youtube.com\/v\/L02lPCBNUv8&amp;hl=es_ES&amp;fs=1&amp;color1=0xcc2550&amp;color2=0xe87a9f&amp;border=1\" \/><param name=\"allowfullscreen\" value=\"true\" \/><embed type=\"application\/x-shockwave-flash\" width=\"488\" height=\"303\" src=\"http:\/\/www.youtube.com\/v\/L02lPCBNUv8&amp;hl=es_ES&amp;fs=1&amp;color1=0xcc2550&amp;color2=0xe87a9f&amp;border=1\" allowscriptaccess=\"always\" allowfullscreen=\"true\"><\/embed><\/object><\/p>\n<p>Podemos disfrutar del resto de los v\u00eddeos del encuentro en en UStream.<\/p>\n<p><object id=\"utv372003\" classid=\"clsid:d27cdb6e-ae6d-11cf-96b8-444553540000\" width=\"480\" height=\"586\" codebase=\"http:\/\/download.macromedia.com\/pub\/shockwave\/cabs\/flash\/swflash.cab#version=6,0,40,0\"><param name=\"flashvars\" value=\"autoplay=false&amp;brand=embed&amp;cid=3927023&amp;locale=en_US\" \/><param name=\"bgcolor\" value=\"#000000\" \/><param name=\"allowfullscreen\" value=\"true\" \/><param name=\"allowscriptaccess\" value=\"always\" \/><param name=\"src\" value=\"http:\/\/www.ustream.tv\/flash\/mediastream\/3927023\" \/><param name=\"name\" value=\"utv_n_266030\" \/><embed id=\"utv372003\" type=\"application\/x-shockwave-flash\" width=\"480\" height=\"586\" src=\"http:\/\/www.ustream.tv\/flash\/mediastream\/3927023\" name=\"utv_n_266030\" allowscriptaccess=\"always\" allowfullscreen=\"true\" bgcolor=\"#000000\" flashvars=\"autoplay=false&amp;brand=embed&amp;cid=3927023&amp;locale=en_US\"><\/embed><\/object><a style=\"padding: 2px 0px 4px; width: 400px; background: none repeat scroll 0% 0% #ffffff; display: block; color: #000000; font-weight: normal; font-size: 10px; text-decoration: underline; text-align: center;\" href=\"http:\/\/www.ustream.tv\/channels\" target=\"_blank\">Free TV : Ustream<\/a><\/p>\n<p>Para tener detallada informaci\u00f3n del Encuentro recomiendo la lectura de la cr\u00f3nica realizada por <a href=\"http:\/\/www.educacontic.es\/blog\/eabe10-el-encuentro\" target=\"_blank\">Fernando Trujillo<\/a>.<\/p>\n","protected":false},"excerpt":{"rendered":"<p>Del 14 al 15 de mayo se ha celebrado en Guadix el II Encuentro Andaluz de Blogs Educativos (EABE10). En el CEP de Guadix se han reunido docentes que usan con acierto los blogs como herramienta educativa De todo lo all\u00ed ocurrido una de las cosas que mas me han gustado y llamado la atenci\u00f3n [&hellip;]<\/p>\n","protected":false},"author":1,"featured_media":0,"comment_status":"open","ping_status":"open","sticky":false,"template":"","format":"standard","meta":{"footnotes":""},"categories":[1],"tags":[],"class_list":["post-2983","post","type-post","status-publish","format-standard","hentry","category-miscelanea"],"_links":{"self":[{"href":"http:\/\/aula21.net\/aulablog21\/wp-json\/wp\/v2\/posts\/2983","targetHints":{"allow":["GET"]}}],"collection":[{"href":"http:\/\/aula21.net\/aulablog21\/wp-json\/wp\/v2\/posts"}],"about":[{"href":"http:\/\/aula21.net\/aulablog21\/wp-json\/wp\/v2\/types\/post"}],"author":[{"embeddable":true,"href":"http:\/\/aula21.net\/aulablog21\/wp-json\/wp\/v2\/users\/1"}],"replies":[{"embeddable":true,"href":"http:\/\/aula21.net\/aulablog21\/wp-json\/wp\/v2\/comments?post=2983"}],"version-history":[{"count":0,"href":"http:\/\/aula21.net\/aulablog21\/wp-json\/wp\/v2\/posts\/2983\/revisions"}],"wp:attachment":[{"href":"http:\/\/aula21.net\/aulablog21\/wp-json\/wp\/v2\/media?parent=2983"}],"wp:term":[{"taxonomy":"category","embeddable":true,"href":"http:\/\/aula21.net\/aulablog21\/wp-json\/wp\/v2\/categories?post=2983"},{"taxonomy":"post_tag","embeddable":true,"href":"http:\/\/aula21.net\/aulablog21\/wp-json\/wp\/v2\/tags?post=2983"}],"curies":[{"name":"wp","href":"https:\/\/api.w.org\/{rel}","templated":true}]}}