{"id":322,"date":"2005-05-03T23:20:57","date_gmt":"2005-05-03T22:20:57","guid":{"rendered":"http:\/\/127.0.0.1\/wordpress2\/index.php\/archives\/2005\/05\/03\/rss-en-los-medios-periodisticos\/"},"modified":"2005-05-03T23:27:01","modified_gmt":"2005-05-03T22:27:01","slug":"rss-en-los-medios-periodisticos","status":"publish","type":"post","link":"http:\/\/aula21.net\/aulablog21\/archives\/2005\/05\/03\/rss-en-los-medios-periodisticos\/","title":{"rendered":"RSS en los medios period\u00edsticos"},"content":{"rendered":"<p><a href=\"http:\/\/mimundo.elmundo.es\/MiMundo\/\" target=\"_blank\"><em>Mi Mundo (elmundo.es\/personal)<\/em><\/a><em> es el nuevo servicio de personalizaci\u00f3n del <\/em><a href=\"http:\/\/periodistas21.blogspot.com\/2005\/02\/ms-marca-y-mejor-navegacin-en.html\"><font color=\"#5588aa\"><em>diario digital l\u00edder en castellano<\/em><\/font><\/a><em>. La gran novedad es la inclusi\u00f3n de un agregador <\/em><a href=\"http:\/\/www.xml.com\/pub\/a\/2002\/12\/18\/dive-into-xml.html\" target=\"_blank\"><em>RSS (real simple syndication)<\/em><\/a><em> que permite acceder a varias \u00e1reas tem\u00e1ticas de fuentes como la BBC, The New York Times, The Guardian, Liberation o El Pa\u00eds<\/em><em>.<\/em><\/p>\n<p>Leer : <a href=\"http:\/\/periodistas21.blogspot.com\/2005\/04\/elmundoes-lanza-la-personalizacin-con.html\">ElMundo.es lanza la personalizaci\u00f3n con RSS<\/a> art\u00edculo de <a href=\"http:\/\/periodistas21.blogspot.com\/\">Periodistas21<\/a><\/p>\n<p>Otro art\u00edculo donde nos hablan del nuevo servicio de el Mundo es <a href=\"http:\/\/fernand0.blogalia.com\/\/historias\/28840\"><b>El Mundo del &#8216;casi&#8217; <\/b><\/a><\/p>\n","protected":false},"excerpt":{"rendered":"<p>Mi Mundo (elmundo.es\/personal) es el nuevo servicio de personalizaci\u00f3n del diario digital l\u00edder en castellano. La gran novedad es la inclusi\u00f3n de un agregador RSS (real simple syndication) que permite acceder a varias \u00e1reas tem\u00e1ticas de fuentes como la BBC, The New York Times, The Guardian, Liberation o El Pa\u00eds. Leer : ElMundo.es lanza la [&hellip;]<\/p>\n","protected":false},"author":1,"featured_media":0,"comment_status":"open","ping_status":"open","sticky":false,"template":"","format":"standard","meta":{"footnotes":""},"categories":[11],"tags":[],"class_list":["post-322","post","type-post","status-publish","format-standard","hentry","category-sindicacion-rss"],"_links":{"self":[{"href":"http:\/\/aula21.net\/aulablog21\/wp-json\/wp\/v2\/posts\/322","targetHints":{"allow":["GET"]}}],"collection":[{"href":"http:\/\/aula21.net\/aulablog21\/wp-json\/wp\/v2\/posts"}],"about":[{"href":"http:\/\/aula21.net\/aulablog21\/wp-json\/wp\/v2\/types\/post"}],"author":[{"embeddable":true,"href":"http:\/\/aula21.net\/aulablog21\/wp-json\/wp\/v2\/users\/1"}],"replies":[{"embeddable":true,"href":"http:\/\/aula21.net\/aulablog21\/wp-json\/wp\/v2\/comments?post=322"}],"version-history":[{"count":0,"href":"http:\/\/aula21.net\/aulablog21\/wp-json\/wp\/v2\/posts\/322\/revisions"}],"wp:attachment":[{"href":"http:\/\/aula21.net\/aulablog21\/wp-json\/wp\/v2\/media?parent=322"}],"wp:term":[{"taxonomy":"category","embeddable":true,"href":"http:\/\/aula21.net\/aulablog21\/wp-json\/wp\/v2\/categories?post=322"},{"taxonomy":"post_tag","embeddable":true,"href":"http:\/\/aula21.net\/aulablog21\/wp-json\/wp\/v2\/tags?post=322"}],"curies":[{"name":"wp","href":"https:\/\/api.w.org\/{rel}","templated":true}]}}