{"id":3233,"date":"2010-08-17T11:27:05","date_gmt":"2010-08-17T10:27:05","guid":{"rendered":"http:\/\/aula21.net\/aulablog21\/?p=3233"},"modified":"2010-08-17T11:39:36","modified_gmt":"2010-08-17T10:39:36","slug":"la-sabiduria-de-la-savia","status":"publish","type":"post","link":"http:\/\/aula21.net\/aulablog21\/archives\/2010\/08\/17\/la-sabiduria-de-la-savia\/","title":{"rendered":"La sabidur\u00eda de la savia"},"content":{"rendered":"<p><!--adsense--><br \/>\nLo que m\u00e1s me ha llamado la atenci\u00f3n de mis lecturas matutinas de hoy ha sido conocer la publicaci\u00f3n de un libro cuya tem\u00e1tica me parece preciosa. Se trata de <em>Usos y saberes sobre las plantas de Monfrag\u00fce <\/em><em> <\/em>cuyo autor es \u00c1lvaro Tejerina Gallardo.<br \/>\nEl objetivo de esta obra es \u00a0sintetizar los m\u00faltiples usos de las plantas como alimentos, medicinas o utensilios, como remedios naturale . Para ello entrevist\u00f3 a m\u00e1s de 600 personas mayores a lo largo de siete a\u00f1os para palpar en sus p\u00e1ginas el conocimiento emp\u00edrico cotidiano.<\/p>\n<p>Recoge cosas tan curiosas como que los habitantes de la comarca de Monfrag\u00fce obten\u00edan de mezclar agua hirviendo con la ceniza de la encina la lej\u00eda para lavar sus ropas. O que usaban la corteza de la torvisca como venda con el a\u00f1adido de que posee un efecto que coagula la sangre. Otras plantas eran la base para elaborar cuerdas, cestas o zapatos.<\/p>\n<p>\u00c1lvaro es delegado de ARBA-Extremadura (Asociaci\u00f3n para la Recuperaci\u00f3n del Bosque Aut\u00f3ctono) que cuenta con <a href=\"http:\/\/arbaextremadura.blogspot.com\/\" target=\"_blank\">blog propio.<\/a><\/p>\n<p>No cabe duda que uno de los errores que estamos cometiendo a todos los niveles en la sociedad actual, incluido el educativo, es ignorar <strong>la sabidur\u00eda de la savia<\/strong> y pensar que todo lo bueno vendr\u00e1 dado por la modernidad.<\/p>\n<p style=\"text-align: center;\"><a href=\"http:\/\/aula21.net\/aulablog21\/wp-content\/uploads\/2010\/08\/abuelo.png\"><img loading=\"lazy\" decoding=\"async\" class=\"aligncenter size-full wp-image-3239\" title=\"abuelo\" src=\"http:\/\/aula21.net\/aulablog21\/wp-content\/uploads\/2010\/08\/abuelo.png\" alt=\"abuelo\" width=\"429\" height=\"304\" srcset=\"http:\/\/aula21.net\/aulablog21\/wp-content\/uploads\/2010\/08\/abuelo.png 596w, http:\/\/aula21.net\/aulablog21\/wp-content\/uploads\/2010\/08\/abuelo-300x212.png 300w\" sizes=\"auto, (max-width: 429px) 100vw, 429px\" \/><\/a><\/p>\n<p><a href=\"http:\/\/aula21.net\/aulablog21\/wp-content\/uploads\/2010\/08\/Imagen-11.png\"><img loading=\"lazy\" decoding=\"async\" class=\"alignleft size-full wp-image-3234\" title=\"Imagen 1\" src=\"http:\/\/aula21.net\/aulablog21\/wp-content\/uploads\/2010\/08\/Imagen-11.png\" alt=\"Imagen 1\" width=\"166\" height=\"127\" \/><\/a>Aprovecho para recomendar una visita al maravilloso <a href=\"http:\/\/www.monfrague.com\/\" target=\"_blank\">Parque de Monfrag<\/a><span style=\"padding: 0px; margin: 0px;\"><a href=\"http:\/\/www.monfrague.com\/\" target=\"_blank\">\u00fce<\/a> uno de los numerosos tesoros naturales de los que disftrutamos en Extremadura<\/span><\/p>\n<p>Fuente:<a href=\"http:\/\/www.elperiodicoextremadura.com\/noticias\/noticia.asp?pkid=527047\"><strong>La sabidur\u00eda de la savia<\/strong><\/a> ( <a href=\"http:\/\/www.elperiodicoextremadura.com\">El Peri\u00f3dico Extremadura<\/a> &#8211; 17\/08\/2010 )<\/p>\n","protected":false},"excerpt":{"rendered":"<p>Lo que m\u00e1s me ha llamado la atenci\u00f3n de mis lecturas matutinas de hoy ha sido conocer la publicaci\u00f3n de un libro cuya tem\u00e1tica me parece preciosa. Se trata de Usos y saberes sobre las plantas de Monfrag\u00fce cuyo autor es \u00c1lvaro Tejerina Gallardo. El objetivo de esta obra es \u00a0sintetizar los m\u00faltiples usos de [&hellip;]<\/p>\n","protected":false},"author":1,"featured_media":0,"comment_status":"open","ping_status":"open","sticky":false,"template":"","format":"standard","meta":{"footnotes":""},"categories":[29],"tags":[],"class_list":["post-3233","post","type-post","status-publish","format-standard","hentry","category-lecturas"],"_links":{"self":[{"href":"http:\/\/aula21.net\/aulablog21\/wp-json\/wp\/v2\/posts\/3233","targetHints":{"allow":["GET"]}}],"collection":[{"href":"http:\/\/aula21.net\/aulablog21\/wp-json\/wp\/v2\/posts"}],"about":[{"href":"http:\/\/aula21.net\/aulablog21\/wp-json\/wp\/v2\/types\/post"}],"author":[{"embeddable":true,"href":"http:\/\/aula21.net\/aulablog21\/wp-json\/wp\/v2\/users\/1"}],"replies":[{"embeddable":true,"href":"http:\/\/aula21.net\/aulablog21\/wp-json\/wp\/v2\/comments?post=3233"}],"version-history":[{"count":0,"href":"http:\/\/aula21.net\/aulablog21\/wp-json\/wp\/v2\/posts\/3233\/revisions"}],"wp:attachment":[{"href":"http:\/\/aula21.net\/aulablog21\/wp-json\/wp\/v2\/media?parent=3233"}],"wp:term":[{"taxonomy":"category","embeddable":true,"href":"http:\/\/aula21.net\/aulablog21\/wp-json\/wp\/v2\/categories?post=3233"},{"taxonomy":"post_tag","embeddable":true,"href":"http:\/\/aula21.net\/aulablog21\/wp-json\/wp\/v2\/tags?post=3233"}],"curies":[{"name":"wp","href":"https:\/\/api.w.org\/{rel}","templated":true}]}}