{"id":3250,"date":"2010-08-24T12:27:59","date_gmt":"2010-08-24T11:27:59","guid":{"rendered":"http:\/\/aula21.net\/aulablog21\/?p=3250"},"modified":"2010-08-24T13:01:06","modified_gmt":"2010-08-24T12:01:06","slug":"neus-sanmarti-didactica-de-la-ciencias-experimentales","status":"publish","type":"post","link":"http:\/\/aula21.net\/aulablog21\/archives\/2010\/08\/24\/neus-sanmarti-didactica-de-la-ciencias-experimentales\/","title":{"rendered":"Neus Sanmarti: saber leer para poder aprender en todas las \u00e1reas"},"content":{"rendered":"<p><!--adsense--><br \/>\nGracias a <a href=\"http:\/\/deestranjis.blogspot.com\/2010\/07\/ensenar-leer-y-escribir-y-hablar-desde.html\" target=\"_blank\">este art\u00edculo en De estranjis<\/a> he conocido una magn\u00edfica presentaci\u00f3n de la Dra. Neus Sanmarti que es una de las m\u00e1s afamadas especialistas en Did\u00e1ctica de las Ciencias Experimentales de nuestro pa\u00eds.<br \/>\nInteresantes aportaciones sobre un tema que me obsesiona, la importancia de la lectura para lograr el \u00e9xito escolar en todas las \u00e1reas. Una gran mayor\u00eda de alumnos a partir de los 12-13 a\u00f1os apenas leen y aunque no cabe duda que saben leer no comprenden lo que leen.<\/p>\n<div id=\"__ss_644044\" style=\"width: 425px;\"><strong><a title=\"C\u00f3mo ense\u00f1ar competencias\" href=\"http:\/\/www.slideshare.net\/B03TIC\/cmo-ensear-competencias-presentation\">C\u00f3mo ense\u00f1ar competencias<\/a><\/strong><object id=\"__sse644044\" classid=\"clsid:d27cdb6e-ae6d-11cf-96b8-444553540000\" width=\"425\" height=\"355\" codebase=\"http:\/\/download.macromedia.com\/pub\/shockwave\/cabs\/flash\/swflash.cab#version=6,0,40,0\"><param name=\"allowFullScreen\" value=\"true\" \/><param name=\"allowScriptAccess\" value=\"always\" \/><param name=\"src\" value=\"http:\/\/static.slidesharecdn.com\/swf\/ssplayer2.swf?doc=competencias-neus-1223469697623456-8&amp;stripped_title=cmo-ensear-competencias-presentation\" \/><param name=\"name\" value=\"__sse644044\" \/><param name=\"allowfullscreen\" value=\"true\" \/><embed id=\"__sse644044\" type=\"application\/x-shockwave-flash\" width=\"425\" height=\"355\" src=\"http:\/\/static.slidesharecdn.com\/swf\/ssplayer2.swf?doc=competencias-neus-1223469697623456-8&amp;stripped_title=cmo-ensear-competencias-presentation\" name=\"__sse644044\" allowscriptaccess=\"always\" allowfullscreen=\"true\"><\/embed><\/object><\/p>\n<div style=\"padding:5px 0 12px\">Escuchemos la conferencia que imparti\u00f3 en una jornadas celebradas en Galicia.<\/div>\n<div style=\"padding:5px 0 12px\"><a href=\"http:\/\/centros.edu.xunta.es\/contidos\/redetic\/?page_id=1138\" target=\"_blank\"><img loading=\"lazy\" decoding=\"async\" class=\"aligncenter size-full wp-image-3251\" title=\"videoneus\" src=\"http:\/\/aula21.net\/aulablog21\/wp-content\/uploads\/2010\/08\/videoneus.png\" alt=\"videoneus\" width=\"400\" height=\"265\" srcset=\"http:\/\/aula21.net\/aulablog21\/wp-content\/uploads\/2010\/08\/videoneus.png 400w, http:\/\/aula21.net\/aulablog21\/wp-content\/uploads\/2010\/08\/videoneus-300x199.png 300w\" sizes=\"auto, (max-width: 400px) 100vw, 400px\" \/><\/a><\/div>\n<p style=\"text-align: center;\">\n<p style=\"text-align: center;\">Es autora de numerosas publicaciones<\/p>\n<p style=\"text-align: center;\"><a href=\"http:\/\/www.casadellibro.com\/libros\/sanmarti-neus\/sanmarti32neus\" target=\"_blank\"><img loading=\"lazy\" decoding=\"async\" class=\"aligncenter size-full wp-image-3252\" title=\"librosnews\" src=\"http:\/\/aula21.net\/aulablog21\/wp-content\/uploads\/2010\/08\/librosnews.png\" alt=\"librosnews\" width=\"414\" height=\"203\" srcset=\"http:\/\/aula21.net\/aulablog21\/wp-content\/uploads\/2010\/08\/librosnews.png 414w, http:\/\/aula21.net\/aulablog21\/wp-content\/uploads\/2010\/08\/librosnews-300x147.png 300w\" sizes=\"auto, (max-width: 414px) 100vw, 414px\" \/><\/a><\/p>\n<p style=\"text-align: left;\">Al ver el libro titulado <a href=\"http:\/\/www.grao.com\/libros\/ficha.asp?ID=590\">Evaluar para aprender<\/a> me he acordado del mont\u00f3n de gente que ha opinado sobre el tema de la evaluaci\u00f3n recientemente <a href=\"http:\/\/profeblog.es\/blog\/luismiglesias\/2010\/08\/17\/evaluar-las-causas-de-los-errores-evita-las-repeticiones\/\" target=\"_blank\">en un art\u00edculo de Luismi Iglesias<\/a><\/p>\n<p style=\"text-align: left;\">Muchos somos los que pensamos que el cambio metodol\u00f3gico que la Escuela necesita pasa por cambiar muchos de los absurdos m\u00e9todos de evaluaci\u00f3n que a\u00fan imperan en las aulas.<\/p>\n<p style=\"text-align: left;\"><strong>Actualizaci\u00f3n:<\/strong> el amigo Felipe Zayas me recuerda que en <a href=\"http:\/\/www.leer.es\" target=\"_blank\">Leer.es<\/a>, magn\u00edfico portal en el que colabora, tenemos informaci\u00f3n sobre el curso <a href=\"http:\/\/docentes.leer.es\/category\/formacion\/\" target=\"_blank\">Leer para aprender<\/a> impartido por Neus este verano en El Escorial.<\/p>\n<p style=\"text-align: left;\">Espero que el curso que va a comenzar tomemos todos conciencia del problema y dediquemos mas tiempo a leer con nuestros alumnos en todas las \u00e1reas, \u00bfte animas?<\/p>\n<p><object width=\"440\" height=\"385\"><param name=\"movie\" value=\"http:\/\/www.youtube.com\/v\/3uQqpO7bLJ4?fs=1&amp;hl=es_ES\"><\/param><param name=\"allowFullScreen\" value=\"true\"><\/param><param name=\"allowscriptaccess\" value=\"always\"><\/param><embed src=\"http:\/\/www.youtube.com\/v\/3uQqpO7bLJ4?fs=1&amp;hl=es_ES\" type=\"application\/x-shockwave-flash\" allowscriptaccess=\"always\" allowfullscreen=\"true\" width=\"440\" height=\"385\"><\/embed><\/object><\/p>\n<p style=\"text-align: left;\">\n<p style=\"text-align: left;\">Un mont\u00f3n de v\u00eddeos sobre el tema:<\/p>\n<p style=\"text-align: left;\"><a href=\"http:\/\/docentes.leer.es\/category\/formacion\/?tipo=625\"><img loading=\"lazy\" decoding=\"async\" class=\"aligncenter size-medium wp-image-3262\" title=\"videosleer\" src=\"http:\/\/aula21.net\/aulablog21\/wp-content\/uploads\/2010\/08\/videosleer-300x38.png\" alt=\"videosleer\" width=\"300\" height=\"38\" srcset=\"http:\/\/aula21.net\/aulablog21\/wp-content\/uploads\/2010\/08\/videosleer-300x38.png 300w, http:\/\/aula21.net\/aulablog21\/wp-content\/uploads\/2010\/08\/videosleer.png 854w\" sizes=\"auto, (max-width: 300px) 100vw, 300px\" \/><\/a><\/p>\n<p style=\"text-align: center;\">\n<\/div>\n","protected":false},"excerpt":{"rendered":"<p>Gracias a este art\u00edculo en De estranjis he conocido una magn\u00edfica presentaci\u00f3n de la Dra. Neus Sanmarti que es una de las m\u00e1s afamadas especialistas en Did\u00e1ctica de las Ciencias Experimentales de nuestro pa\u00eds. Interesantes aportaciones sobre un tema que me obsesiona, la importancia de la lectura para lograr el \u00e9xito escolar en todas las [&hellip;]<\/p>\n","protected":false},"author":1,"featured_media":0,"comment_status":"open","ping_status":"open","sticky":false,"template":"","format":"standard","meta":{"footnotes":""},"categories":[17,19,8],"tags":[],"class_list":["post-3250","post","type-post","status-publish","format-standard","hentry","category-articulos","category-educacion","category-educacion_e_internet"],"_links":{"self":[{"href":"http:\/\/aula21.net\/aulablog21\/wp-json\/wp\/v2\/posts\/3250","targetHints":{"allow":["GET"]}}],"collection":[{"href":"http:\/\/aula21.net\/aulablog21\/wp-json\/wp\/v2\/posts"}],"about":[{"href":"http:\/\/aula21.net\/aulablog21\/wp-json\/wp\/v2\/types\/post"}],"author":[{"embeddable":true,"href":"http:\/\/aula21.net\/aulablog21\/wp-json\/wp\/v2\/users\/1"}],"replies":[{"embeddable":true,"href":"http:\/\/aula21.net\/aulablog21\/wp-json\/wp\/v2\/comments?post=3250"}],"version-history":[{"count":0,"href":"http:\/\/aula21.net\/aulablog21\/wp-json\/wp\/v2\/posts\/3250\/revisions"}],"wp:attachment":[{"href":"http:\/\/aula21.net\/aulablog21\/wp-json\/wp\/v2\/media?parent=3250"}],"wp:term":[{"taxonomy":"category","embeddable":true,"href":"http:\/\/aula21.net\/aulablog21\/wp-json\/wp\/v2\/categories?post=3250"},{"taxonomy":"post_tag","embeddable":true,"href":"http:\/\/aula21.net\/aulablog21\/wp-json\/wp\/v2\/tags?post=3250"}],"curies":[{"name":"wp","href":"https:\/\/api.w.org\/{rel}","templated":true}]}}