{"id":3301,"date":"2010-08-27T11:26:32","date_gmt":"2010-08-27T10:26:32","guid":{"rendered":"http:\/\/aula21.net\/aulablog21\/?p=3301"},"modified":"2010-08-27T12:06:46","modified_gmt":"2010-08-27T11:06:46","slug":"la-mejor-peli-que-he-visto-este-verano","status":"publish","type":"post","link":"http:\/\/aula21.net\/aulablog21\/archives\/2010\/08\/27\/la-mejor-peli-que-he-visto-este-verano\/","title":{"rendered":"La mejor peli que he visto este verano"},"content":{"rendered":"<p><!--adsense--><br \/>\nDe todas las pel\u00edculas que he visto este verano la que m\u00e1s me ha encantado es la realizada por los alumnos de Beatriz Basanta (Ed. Pl\u00e1stica) y Laura Cano (Franc\u00e9s) profesoras del <a href=\"http:\/\/www.colegio-abaco.com\/\" target=\"_blank\">Colegio \u00c1baco<\/a>.<br \/>\nCreatividad, did\u00e1ctica e ingenio se dan la mano en su trabajo, espero que nos cuenten m\u00e1s detalles del proceso de realizaci\u00f3n.<br \/>\n\u00a1 No se lo pierdan ! Su t\u00edtulo \u00ab<a href=\"http:\/\/wordpress.colegio-abaco.com\/frances\/2010\/06\/15\/notre-court-metrage\/\" target=\"_blank\">El chiste de Jeremie\u00bb (La blague de Jer\u00e9mi\u00e9)<\/a><br \/>\n<a href=\"http:\/\/wordpress.colegio-abaco.com\/frances\/2010\/06\/15\/notre-court-metrage\/\" target=\"_blank\"><img loading=\"lazy\" decoding=\"async\" class=\"aligncenter size-full wp-image-3302\" title=\"videofrances\" src=\"http:\/\/aula21.net\/aulablog21\/wp-content\/uploads\/2010\/08\/videofrances.png\" alt=\"videofrances\" width=\"398\" height=\"298\" srcset=\"http:\/\/aula21.net\/aulablog21\/wp-content\/uploads\/2010\/08\/videofrances.png 398w, http:\/\/aula21.net\/aulablog21\/wp-content\/uploads\/2010\/08\/videofrances-300x225.png 300w\" sizes=\"auto, (max-width: 398px) 100vw, 398px\" \/><\/a><\/p>\n","protected":false},"excerpt":{"rendered":"<p>De todas las pel\u00edculas que he visto este verano la que m\u00e1s me ha encantado es la realizada por los alumnos de Beatriz Basanta (Ed. Pl\u00e1stica) y Laura Cano (Franc\u00e9s) profesoras del Colegio \u00c1baco. Creatividad, did\u00e1ctica e ingenio se dan la mano en su trabajo, espero que nos cuenten m\u00e1s detalles del proceso de realizaci\u00f3n. [&hellip;]<\/p>\n","protected":false},"author":1,"featured_media":0,"comment_status":"open","ping_status":"open","sticky":false,"template":"","format":"standard","meta":{"footnotes":""},"categories":[8,20,2],"tags":[],"class_list":["post-3301","post","type-post","status-publish","format-standard","hentry","category-educacion_e_internet","category-video","category-weblogs_en_el_aula"],"_links":{"self":[{"href":"http:\/\/aula21.net\/aulablog21\/wp-json\/wp\/v2\/posts\/3301","targetHints":{"allow":["GET"]}}],"collection":[{"href":"http:\/\/aula21.net\/aulablog21\/wp-json\/wp\/v2\/posts"}],"about":[{"href":"http:\/\/aula21.net\/aulablog21\/wp-json\/wp\/v2\/types\/post"}],"author":[{"embeddable":true,"href":"http:\/\/aula21.net\/aulablog21\/wp-json\/wp\/v2\/users\/1"}],"replies":[{"embeddable":true,"href":"http:\/\/aula21.net\/aulablog21\/wp-json\/wp\/v2\/comments?post=3301"}],"version-history":[{"count":0,"href":"http:\/\/aula21.net\/aulablog21\/wp-json\/wp\/v2\/posts\/3301\/revisions"}],"wp:attachment":[{"href":"http:\/\/aula21.net\/aulablog21\/wp-json\/wp\/v2\/media?parent=3301"}],"wp:term":[{"taxonomy":"category","embeddable":true,"href":"http:\/\/aula21.net\/aulablog21\/wp-json\/wp\/v2\/categories?post=3301"},{"taxonomy":"post_tag","embeddable":true,"href":"http:\/\/aula21.net\/aulablog21\/wp-json\/wp\/v2\/tags?post=3301"}],"curies":[{"name":"wp","href":"https:\/\/api.w.org\/{rel}","templated":true}]}}