{"id":3349,"date":"2010-09-08T13:09:45","date_gmt":"2010-09-08T12:09:45","guid":{"rendered":"http:\/\/aula21.net\/aulablog21\/?p=3349"},"modified":"2010-09-08T13:13:44","modified_gmt":"2010-09-08T12:13:44","slug":"ha-muerto-un-maestro-de-las-entrevistas","status":"publish","type":"post","link":"http:\/\/aula21.net\/aulablog21\/archives\/2010\/09\/08\/ha-muerto-un-maestro-de-las-entrevistas\/","title":{"rendered":"Ha muerto un maestro de las entrevistas"},"content":{"rendered":"<p><!--adsense--><br \/>\nEl hist\u00f3rico periodista Joaqu\u00edn Soler Serrano ha muerto este martes a las 15 horas, descanse en paz.<br \/>\nPor suerte gracias a YouTube podemos disfrutar de muchas de las entrevistas que hizo en el programa de TVE  \u00abA fondo\u00bb, de entre ellas rescato la que \u00a0hizo a otro maestro de las letras.<br \/>\n<a href=\"http:\/\/www.facebook.com\/pages\/Joaquin-Soler-Serrano\/92722327065\" target=\"_blank\"> En esta p\u00e1gina encontrar\u00e1s muchas m\u00e1s<\/a>, un tesoro para ofrecer a nuestros alumnos en clase de lengua y para todos los amantes de las cosas bien hechas.<br \/>\n<object classid=\"clsid:d27cdb6e-ae6d-11cf-96b8-444553540000\" width=\"425\" height=\"344\" codebase=\"http:\/\/download.macromedia.com\/pub\/shockwave\/cabs\/flash\/swflash.cab#version=6,0,40,0\"><param name=\"allowFullScreen\" value=\"true\" \/><param name=\"allowscriptaccess\" value=\"always\" \/><param name=\"src\" value=\"http:\/\/www.youtube.com\/v\/7ER919AtOgA?fs=1&amp;hl=es_ES&amp;color1=0xcc2550&amp;color2=0xe87a9f\" \/><param name=\"allowfullscreen\" value=\"true\" \/><embed type=\"application\/x-shockwave-flash\" width=\"425\" height=\"344\" src=\"http:\/\/www.youtube.com\/v\/7ER919AtOgA?fs=1&amp;hl=es_ES&amp;color1=0xcc2550&amp;color2=0xe87a9f\" allowscriptaccess=\"always\" allowfullscreen=\"true\"><\/embed><\/object><\/p>\n","protected":false},"excerpt":{"rendered":"<p>El hist\u00f3rico periodista Joaqu\u00edn Soler Serrano ha muerto este martes a las 15 horas, descanse en paz. Por suerte gracias a YouTube podemos disfrutar de muchas de las entrevistas que hizo en el programa de TVE \u00abA fondo\u00bb, de entre ellas rescato la que \u00a0hizo a otro maestro de las letras. En esta p\u00e1gina encontrar\u00e1s [&hellip;]<\/p>\n","protected":false},"author":1,"featured_media":0,"comment_status":"open","ping_status":"open","sticky":false,"template":"","format":"standard","meta":{"footnotes":""},"categories":[19,8,23,18,20],"tags":[],"class_list":["post-3349","post","type-post","status-publish","format-standard","hentry","category-educacion","category-educacion_e_internet","category-sociedad","category-tic","category-video"],"_links":{"self":[{"href":"http:\/\/aula21.net\/aulablog21\/wp-json\/wp\/v2\/posts\/3349","targetHints":{"allow":["GET"]}}],"collection":[{"href":"http:\/\/aula21.net\/aulablog21\/wp-json\/wp\/v2\/posts"}],"about":[{"href":"http:\/\/aula21.net\/aulablog21\/wp-json\/wp\/v2\/types\/post"}],"author":[{"embeddable":true,"href":"http:\/\/aula21.net\/aulablog21\/wp-json\/wp\/v2\/users\/1"}],"replies":[{"embeddable":true,"href":"http:\/\/aula21.net\/aulablog21\/wp-json\/wp\/v2\/comments?post=3349"}],"version-history":[{"count":0,"href":"http:\/\/aula21.net\/aulablog21\/wp-json\/wp\/v2\/posts\/3349\/revisions"}],"wp:attachment":[{"href":"http:\/\/aula21.net\/aulablog21\/wp-json\/wp\/v2\/media?parent=3349"}],"wp:term":[{"taxonomy":"category","embeddable":true,"href":"http:\/\/aula21.net\/aulablog21\/wp-json\/wp\/v2\/categories?post=3349"},{"taxonomy":"post_tag","embeddable":true,"href":"http:\/\/aula21.net\/aulablog21\/wp-json\/wp\/v2\/tags?post=3349"}],"curies":[{"name":"wp","href":"https:\/\/api.w.org\/{rel}","templated":true}]}}