{"id":3365,"date":"2010-09-13T12:23:01","date_gmt":"2010-09-13T11:23:01","guid":{"rendered":"http:\/\/aula21.net\/aulablog21\/?p=3365"},"modified":"2010-09-13T20:19:21","modified_gmt":"2010-09-13T19:19:21","slug":"inauguracion-del-centro-nacional-de-desarrollo-curricular-en-sistemas-no-propietarios","status":"publish","type":"post","link":"http:\/\/aula21.net\/aulablog21\/archives\/2010\/09\/13\/inauguracion-del-centro-nacional-de-desarrollo-curricular-en-sistemas-no-propietarios\/","title":{"rendered":"Inauguraci\u00f3n del Centro Nacional de Desarrollo Curricular en Sistemas no Propietarios"},"content":{"rendered":"<p><!--adsense--><\/p>\n<p align=\"justify\"><img loading=\"lazy\" decoding=\"async\" style=\"float: left; border: 1px solid black; margin: 9px;\" src=\"http:\/\/cedec.ite.educacion.es\/images\/stories\/logo_cedec3.png\" alt=\"\" width=\"293\" height=\"60\" \/><br \/>\nEl pasado 7 de septiembre tuvo lugar en M\u00e9rida la inauguraci\u00f3n oficial del <a href=\"http:\/\/cedec.ite.educacion.es\/\" target=\"_blank\">Centro Nacional de Desarrollo Curricular en Sistema no Propietarios<\/a> (CeDeC) y la constituci\u00f3n de su Junta Rectora.<\/p>\n<p align=\"justify\">Tiene como finalidad el dise\u00f1o, la promoci\u00f3n y el desarrollo de materiales educativos digitales a trav\u00e9s del software libre. Su objetivo es poner a disposici\u00f3n de toda la comunidad educativa materiales y recursos digitales de libre acceso y que permitan profundizar en la implantaci\u00f3n de las Tecnolog\u00edas de la Informaci\u00f3n y Comunicaci\u00f3n en el \u00c1mbito Educativo. Se encargar\u00e1 de dotar de contenidos digitales al Programa Escuela 2.0.<\/p>\n<p align=\"justify\">Su director, Antonio Monje Fern\u00e1ndez, es profesor del IES \u2018Tamujal\u2019 de Arroyo de San Serv\u00e1n desde el 2004, donde ha sido tambi\u00e9n coordinador de nuevas tecnolog\u00edas desde el 2005, y desde el 2006 es el administrador y coordinador de la Plataforma Moodle <a href=\"http:\/\/lmsextremadura.educarex.es\/\" target=\"_blank\">\u2018Ense\u00f1anza Virtual de Extremadura\u2019.<\/a> El Jefe de servicio de CeDec es el profesor extreme\u00f1o Miguel \u00c1ngel Pereira.<\/p>\n<p>La Junta Rectora est\u00e1 constituida por el director general de Pol\u00edtica Educativa, Felipe G\u00f3mez Valhondo; el jefe se servicio de Tecnolog\u00eda de la Informaci\u00f3n y la Comunicaci\u00f3n de la Consejer\u00eda de Educaci\u00f3n de la Junta de Extremadura, Vicente Parejo Sosa; el director del Instituto de Tecnolog\u00edas Educativas (Ite) del Ministerio de Educaci\u00f3n, Antonio P\u00e9rez Sanz; el director del Instituto Nacional de Cualificaci\u00f3n (Incual), Rafael Rodr\u00edguez de la Cruz; y el jefe de \u00e1rea de Formaci\u00f3n del Profesorado y contenidos Web del Ite, Isma\u00edl Al\u00ed Gago.<\/p>\n<p>Deseo mucho \u00e9xitos al nuevo Centro, sus logros y buen funcionamiento redundar\u00e1n en beneficio de toda la comunidad educativa<\/p>\n<p>Puedes seguir su actividad a trav\u00e9s de <a href=\"http:\/\/twitter.com\/CeDeC_ite\" target=\"_self\">su cuenta de Twitter <\/a> y de<a href=\"http:\/\/cedec.ite.educacion.es\/\" target=\"_blank\"> su web.<\/a><\/p>\n<p align=\"justify\">\n","protected":false},"excerpt":{"rendered":"<p>El pasado 7 de septiembre tuvo lugar en M\u00e9rida la inauguraci\u00f3n oficial del Centro Nacional de Desarrollo Curricular en Sistema no Propietarios (CeDeC) y la constituci\u00f3n de su Junta Rectora. Tiene como finalidad el dise\u00f1o, la promoci\u00f3n y el desarrollo de materiales educativos digitales a trav\u00e9s del software libre. Su objetivo es poner a disposici\u00f3n [&hellip;]<\/p>\n","protected":false},"author":1,"featured_media":0,"comment_status":"open","ping_status":"open","sticky":false,"template":"","format":"standard","meta":{"footnotes":""},"categories":[19,1,28],"tags":[],"class_list":["post-3365","post","type-post","status-publish","format-standard","hentry","category-educacion","category-miscelanea","category-web20"],"_links":{"self":[{"href":"http:\/\/aula21.net\/aulablog21\/wp-json\/wp\/v2\/posts\/3365","targetHints":{"allow":["GET"]}}],"collection":[{"href":"http:\/\/aula21.net\/aulablog21\/wp-json\/wp\/v2\/posts"}],"about":[{"href":"http:\/\/aula21.net\/aulablog21\/wp-json\/wp\/v2\/types\/post"}],"author":[{"embeddable":true,"href":"http:\/\/aula21.net\/aulablog21\/wp-json\/wp\/v2\/users\/1"}],"replies":[{"embeddable":true,"href":"http:\/\/aula21.net\/aulablog21\/wp-json\/wp\/v2\/comments?post=3365"}],"version-history":[{"count":0,"href":"http:\/\/aula21.net\/aulablog21\/wp-json\/wp\/v2\/posts\/3365\/revisions"}],"wp:attachment":[{"href":"http:\/\/aula21.net\/aulablog21\/wp-json\/wp\/v2\/media?parent=3365"}],"wp:term":[{"taxonomy":"category","embeddable":true,"href":"http:\/\/aula21.net\/aulablog21\/wp-json\/wp\/v2\/categories?post=3365"},{"taxonomy":"post_tag","embeddable":true,"href":"http:\/\/aula21.net\/aulablog21\/wp-json\/wp\/v2\/tags?post=3365"}],"curies":[{"name":"wp","href":"https:\/\/api.w.org\/{rel}","templated":true}]}}