{"id":3386,"date":"2010-09-15T22:05:33","date_gmt":"2010-09-15T21:05:33","guid":{"rendered":"http:\/\/aula21.net\/aulablog21\/?p=3386"},"modified":"2010-09-15T22:06:33","modified_gmt":"2010-09-15T21:06:33","slug":"la-cultura-clasica-extremena-estuvo-en-el-ii-encuentro-escuela-2-0","status":"publish","type":"post","link":"http:\/\/aula21.net\/aulablog21\/archives\/2010\/09\/15\/la-cultura-clasica-extremena-estuvo-en-el-ii-encuentro-escuela-2-0\/","title":{"rendered":"La Cultura Cl\u00e1sica extreme\u00f1a estuvo en el II Encuentro Escuela 2.0"},"content":{"rendered":"<p><!--adsense--><br \/>\n<a href=\"http:\/\/recursostic.educacion.es\/blogs\/buenaspracticas20\/index.php\/2010\/09\/15\/carlos-cabanillas-en-el-ii-encuentro-escuela-2\" target=\"_blank\">Art\u00edculo que he \u00a0publicado en el Blog Buenas Pr\u00e1cTICas 2.0<\/a> 2.0 con la intervenci\u00f3n en v\u00eddeo de Carlos Cabanillas en el II Encuentro Escuela 2.0 celebrado en el ITE.<\/p>\n<p><a href=\"http:\/\/recursostic.educacion.es\/blogs\/buenaspracticas20\/index.php\/2010\/09\/15\/carlos-cabanillas-en-el-ii-encuentro-escuela-2\"><img loading=\"lazy\" decoding=\"async\" class=\"aligncenter size-full wp-image-3388\" title=\"videocc\" src=\"http:\/\/aula21.net\/aulablog21\/wp-content\/uploads\/2010\/09\/videocc.png\" alt=\"videocc\" width=\"440\" height=\"463\" srcset=\"http:\/\/aula21.net\/aulablog21\/wp-content\/uploads\/2010\/09\/videocc.png 440w, http:\/\/aula21.net\/aulablog21\/wp-content\/uploads\/2010\/09\/videocc-285x300.png 285w\" sizes=\"auto, (max-width: 440px) 100vw, 440px\" \/><\/a><\/p>\n","protected":false},"excerpt":{"rendered":"<p>Art\u00edculo que he \u00a0publicado en el Blog Buenas Pr\u00e1cTICas 2.0 2.0 con la intervenci\u00f3n en v\u00eddeo de Carlos Cabanillas en el II Encuentro Escuela 2.0 celebrado en el ITE.<\/p>\n","protected":false},"author":1,"featured_media":0,"comment_status":"open","ping_status":"open","sticky":false,"template":"","format":"standard","meta":{"footnotes":""},"categories":[37,8,28],"tags":[],"class_list":["post-3386","post","type-post","status-publish","format-standard","hentry","category-colaboraciones","category-educacion_e_internet","category-web20"],"_links":{"self":[{"href":"http:\/\/aula21.net\/aulablog21\/wp-json\/wp\/v2\/posts\/3386","targetHints":{"allow":["GET"]}}],"collection":[{"href":"http:\/\/aula21.net\/aulablog21\/wp-json\/wp\/v2\/posts"}],"about":[{"href":"http:\/\/aula21.net\/aulablog21\/wp-json\/wp\/v2\/types\/post"}],"author":[{"embeddable":true,"href":"http:\/\/aula21.net\/aulablog21\/wp-json\/wp\/v2\/users\/1"}],"replies":[{"embeddable":true,"href":"http:\/\/aula21.net\/aulablog21\/wp-json\/wp\/v2\/comments?post=3386"}],"version-history":[{"count":0,"href":"http:\/\/aula21.net\/aulablog21\/wp-json\/wp\/v2\/posts\/3386\/revisions"}],"wp:attachment":[{"href":"http:\/\/aula21.net\/aulablog21\/wp-json\/wp\/v2\/media?parent=3386"}],"wp:term":[{"taxonomy":"category","embeddable":true,"href":"http:\/\/aula21.net\/aulablog21\/wp-json\/wp\/v2\/categories?post=3386"},{"taxonomy":"post_tag","embeddable":true,"href":"http:\/\/aula21.net\/aulablog21\/wp-json\/wp\/v2\/tags?post=3386"}],"curies":[{"name":"wp","href":"https:\/\/api.w.org\/{rel}","templated":true}]}}