{"id":3391,"date":"2010-09-17T17:58:35","date_gmt":"2010-09-17T16:58:35","guid":{"rendered":"http:\/\/aula21.net\/aulablog21\/?p=3391"},"modified":"2010-09-18T12:35:47","modified_gmt":"2010-09-18T11:35:47","slug":"un-curso-mas-con-educcontic","status":"publish","type":"post","link":"http:\/\/aula21.net\/aulablog21\/archives\/2010\/09\/17\/un-curso-mas-con-educcontic\/","title":{"rendered":"Un curso m\u00e1s con educ@contic"},"content":{"rendered":"<p><!--adsense--><br \/>\nEste nuevo curso que comienza es el segundo completo de <a href=\"http:\/\/www.educacontic.es\/\">educ@contic<\/a> , portal en el que colaboro desde abril de 2009.<br \/>\nNo cabe duda que <a target=\"_blank\">educ@contic<\/a> se ha convertido en un referente para docentes, alumnos y padres interesados en formar a sus hijos usando las TIC, buena prueba de ello es la cifra de visitantes y sus m\u00e1s de 12000 usuarios registrados.<\/p>\n<p>Educ@contic est\u00e1 tambi\u00e9n presente en <a href=\"http:\/\/twitter.com\/educacontic\/\" target=\"_blank\">Twitter con 2700 seguidores<\/a> y en <a href=\"http:\/\/www.facebook.com\/group.php?gid=120955338171\" target=\"_blank\">Facebook con 1450 amigos<\/a>.<\/p>\n<p><a href=\"http:\/\/www.educacontic.es\/\" target=\"_blank\"><img loading=\"lazy\" decoding=\"async\" class=\"aligncenter size-full wp-image-3393\" title=\"Imagen 3\" src=\"http:\/\/aula21.net\/aulablog21\/wp-content\/uploads\/2010\/09\/Imagen-31.png\" alt=\"Imagen 3\" width=\"509\" height=\"510\" srcset=\"http:\/\/aula21.net\/aulablog21\/wp-content\/uploads\/2010\/09\/Imagen-31.png 509w, http:\/\/aula21.net\/aulablog21\/wp-content\/uploads\/2010\/09\/Imagen-31-150x150.png 150w, http:\/\/aula21.net\/aulablog21\/wp-content\/uploads\/2010\/09\/Imagen-31-300x300.png 300w\" sizes=\"auto, (max-width: 509px) 100vw, 509px\" \/><\/a><\/p>\n<p>El nuevo curso comienza con fuerza y novedades en nuestro portal, los art\u00edculos llevan integrados botones para que podamos compartir la informaci\u00f3n en redes como Twitter o Facebook, directamente, sin que tener que pasar por servicios de terceros. Adem\u00e1s, para que las cosas sean m\u00e1s f\u00e1ciles tambi\u00e9n pod\u00e9is usar vuestra cuenta de facebook para identificaros en EducaconTIC.<br \/>\nPor otra parte, el acceso a contenidos por categor\u00edas aparece ahora m\u00e1s cerca, de la misma forma que ampliamos informaci\u00f3n din\u00e1mica como art\u00edculos m\u00e1s visitados, comentados o valorados.<br \/>\nY como no, seguimos con todas las secciones que eran habituales en\u00a0<a style=\"color: #dc2d1c;\" href=\"http:\/\/educacontic.es\/blog\" target=\"_blank\">nuestro blog<\/a> ,\u00a0<a style=\"color: #dc2d1c;\" href=\"http:\/\/www.educacontic.es\/cargando-talleres-de-educcontic\" target=\"_blank\">aula virtual<\/a>,\u00a0<a style=\"color: #dc2d1c;\" href=\"http:\/\/educacontic.es\/destacados\" target=\"_blank\">destacados<\/a>, <a href=\"http:\/\/didacticatic.educacontic.es\/\" target=\"_blank\">formaci\u00f3n en did\u00e1cticaTIC<\/a>,\u00a0<a style=\"color: #dc2d1c;\" href=\"http:\/\/vimeo.com\/educacontic\" target=\"_blank\">canal de video<\/a>, etc. Un mont\u00f3n de recursos imprescindibles para \u00a0que la Escuela 2.0 sea un \u00e9xito en tu centro.<\/p>\n<p>Puedes recibir comodamente todas las novedades en tu email si te suscribes a nuestro bolet\u00edn.<\/p>\n<p><a href=\"http:\/\/www.educacontic.es\/\" target=\"_blank\"><img loading=\"lazy\" decoding=\"async\" class=\"aligncenter size-full wp-image-3397\" title=\"Imagen 4\" src=\"http:\/\/aula21.net\/aulablog21\/wp-content\/uploads\/2010\/09\/Imagen-4.png\" alt=\"Imagen 4\" width=\"378\" height=\"84\" srcset=\"http:\/\/aula21.net\/aulablog21\/wp-content\/uploads\/2010\/09\/Imagen-4.png 378w, http:\/\/aula21.net\/aulablog21\/wp-content\/uploads\/2010\/09\/Imagen-4-300x66.png 300w\" sizes=\"auto, (max-width: 378px) 100vw, 378px\" \/><\/a><\/p>\n<p><strong>\u00bfEl secreto de su \u00e9xito?<\/strong> el <a href=\"http:\/\/www.educacontic.es\/equipo-de-educa-con-tic\" target=\"_blank\">entusiasmo del equipo<\/a> que lo constituye y <a href=\"http:\/\/www.educacontic.es\/\" target=\"_blank\">tu inter\u00e9s por visitarnos<\/a>.<\/p>\n","protected":false},"excerpt":{"rendered":"<p>Este nuevo curso que comienza es el segundo completo de educ@contic , portal en el que colaboro desde abril de 2009. No cabe duda que educ@contic se ha convertido en un referente para docentes, alumnos y padres interesados en formar a sus hijos usando las TIC, buena prueba de ello es la cifra de visitantes [&hellip;]<\/p>\n","protected":false},"author":1,"featured_media":0,"comment_status":"open","ping_status":"open","sticky":false,"template":"","format":"standard","meta":{"footnotes":""},"categories":[37,1,14,28],"tags":[],"class_list":["post-3391","post","type-post","status-publish","format-standard","hentry","category-colaboraciones","category-miscelanea","category-recursos-variados","category-web20"],"_links":{"self":[{"href":"http:\/\/aula21.net\/aulablog21\/wp-json\/wp\/v2\/posts\/3391","targetHints":{"allow":["GET"]}}],"collection":[{"href":"http:\/\/aula21.net\/aulablog21\/wp-json\/wp\/v2\/posts"}],"about":[{"href":"http:\/\/aula21.net\/aulablog21\/wp-json\/wp\/v2\/types\/post"}],"author":[{"embeddable":true,"href":"http:\/\/aula21.net\/aulablog21\/wp-json\/wp\/v2\/users\/1"}],"replies":[{"embeddable":true,"href":"http:\/\/aula21.net\/aulablog21\/wp-json\/wp\/v2\/comments?post=3391"}],"version-history":[{"count":0,"href":"http:\/\/aula21.net\/aulablog21\/wp-json\/wp\/v2\/posts\/3391\/revisions"}],"wp:attachment":[{"href":"http:\/\/aula21.net\/aulablog21\/wp-json\/wp\/v2\/media?parent=3391"}],"wp:term":[{"taxonomy":"category","embeddable":true,"href":"http:\/\/aula21.net\/aulablog21\/wp-json\/wp\/v2\/categories?post=3391"},{"taxonomy":"post_tag","embeddable":true,"href":"http:\/\/aula21.net\/aulablog21\/wp-json\/wp\/v2\/tags?post=3391"}],"curies":[{"name":"wp","href":"https:\/\/api.w.org\/{rel}","templated":true}]}}