{"id":3428,"date":"2010-09-29T12:37:57","date_gmt":"2010-09-29T11:37:57","guid":{"rendered":"http:\/\/aula21.net\/aulablog21\/?p=3428"},"modified":"2010-09-29T18:46:32","modified_gmt":"2010-09-29T17:46:32","slug":"el-profesor-paco-publica-septiembre-2010","status":"publish","type":"post","link":"http:\/\/aula21.net\/aulablog21\/archives\/2010\/09\/29\/el-profesor-paco-publica-septiembre-2010\/","title":{"rendered":"El profesor Paco publica. Septiembre 2010"},"content":{"rendered":"<p><!--adsense--><br \/>\n\u00bf Twitfesor, wikifesor, blogfesor, que co\u00f1o soy ? lo vamos a dejar en profesor Paco&#8230;<\/p>\n<p style=\"text-align: center;\"><a href=\"http:\/\/aula21.net\/aulablog21\/wp-content\/uploads\/2010\/09\/profesorpaco.png\"><img loading=\"lazy\" decoding=\"async\" class=\"size-full wp-image-3464 aligncenter\" style=\"margin-top: 11px; margin-bottom: 11px;\" title=\"profesorpaco\" src=\"http:\/\/aula21.net\/aulablog21\/wp-content\/uploads\/2010\/09\/profesorpaco.png\" alt=\"profesorpaco\" width=\"325\" height=\"524\" srcset=\"http:\/\/aula21.net\/aulablog21\/wp-content\/uploads\/2010\/09\/profesorpaco.png 361w, http:\/\/aula21.net\/aulablog21\/wp-content\/uploads\/2010\/09\/profesorpaco-186x300.png 186w\" sizes=\"auto, (max-width: 325px) 100vw, 325px\" \/><\/a><\/p>\n<p>Este mes he publicado en otros blogs en los que escribo lo siguiente:<\/p>\n<ul>\n<li>Art\u00edculo sobre V\u00edctor Cuevas ,Orientador del\u00a0<a style=\"color: #555555;\" href=\"http:\/\/iesjoaquinaraujo.org\/\" target=\"_blank\"><span>IES Joaqu\u00edn Ara\u00fajo<\/span><\/a><span> de Fuenlabrada, Madrid. <\/span>Tuvimos el placer de escucharlo y de compartir buenos momentos el pasado mes de marzo en Madrid con motivo de la celebraci\u00f3n en el ITE del\u00a0<a href=\"http:\/\/recursostic.educacion.es\/blogs\/buenaspracticas20\/index.php\/2010\/03\/09\/cronica-del-2o-encuentro-buenas-practica\">II Encuentro Escuela 2.0<\/a>.<br \/>\n<a href=\"http:\/\/recursostic.educacion.es\/blogs\/buenaspracticas20\/index.php\/2010\/09\/20\/intervencion-de-victor-cuevas-orientador-en-el-ii-encuentro-escuela-2\" target=\"_blank\">Leer art\u00edculo completo<\/a><\/li>\n<li><a href=\"http:\/\/recursostic.educacion.es\/blogs\/buenaspracticas20\/index.php\/2010\/09\/15\/carlos-cabanillas-en-el-ii-encuentro-escuela-2\">Carlos Cabanillas, la Cultura Cl\u00e1sica estuvo presente en el II Encuentro Escuela 2.0<\/a><\/li>\n<li>El Ministerio de Sanidad y Pol\u00edtica Social y el Ministerio de Educaci\u00f3n presentaron el pasado 26 de agosto la gu\u00eda<a style=\"color: #555555;\" href=\"https:\/\/sede.educacion.gob.es\/publiventa\/ImageServlet?img=12554.pdf&amp;D=OK\" target=\"_blank\"> \u00abGanar salud en la escuela\u00bb<\/a>, un documento creado para reforzar las acciones de promoci\u00f3n y educaci\u00f3n de la salud de forma transversal en los centros escolares. <a href=\"http:\/\/recursostic.educacion.es\/blogs\/buenaspracticas20\/index.php\/2010\/09\/10\/guia-de-salud-en-la-escuela\" target=\"_blank\">Leer art\u00edculo completo.<\/a><\/li>\n<li><a href=\"http:\/\/formacionprofesorado.educacion.es\/\" target=\"_blank\">La web del Servicio de Formaci\u00f3n en Red del ITE<\/a> est\u00e1 de estreno. Un nuevo aspecto y una nueva estructura para mantener, en lo esencial, la consecuci\u00f3n de nuestro objetivo fundamental: la formaci\u00f3n del profesorado en Red, con la oferta de materiales formativos y la convocatoria de cursos de formaci\u00f3n dos veces al a\u00f1o. Esta web se encuentra activa desde el uno de septiembre de 2010 y sustituye a la que hasta ahora ten\u00eda el Servicio de Formaci\u00f3n en Red del Profesorado ITE. <a href=\"http:\/\/recursostic.educacion.es\/blogs\/buenaspracticas20\/index.php\/2010\/09\/03\/nueva-pagina-del-servicio-de-formacion-en-red-del-ite\" target=\"_blank\">Leer art\u00edculo completo.<\/a><\/li>\n<li>En el portal Consumer Eroski ha aparecido publicado un art\u00edculo sobre\u00a0<a href=\"http:\/\/recursostic.educacion.es\/secundaria\/edad\/\">Ed@d<\/a> (Ense\u00f1anza Digital a Distancia) uno de los proyectos emprendidos por el Ministerio de Educaci\u00f3n para favorecer la integraci\u00f3n de las TIC en las aulas. <a href=\"http:\/\/recursostic.educacion.es\/blogs\/buenaspracticas20\/index.php\/2010\/08\/27\/articulo-sobre-el-proyecto-ed-d-en-consumer-eroski\" target=\"_blank\">Leer art\u00edculo completo.<\/a><\/li>\n<li><a href=\"http:\/\/recursostic.educacion.es\/blogs\/buenaspracticas20\/index.php\/2010\/08\/27\/articulo-sobre-el-proyecto-ed-d-en-consumer-eroski\" target=\"_blank\"><\/a><a href=\"http:\/\/recursostic.educacion.es\/blogs\/buenaspracticas20\/index.php\/2010\/08\/14\/video-de-la-intervencion-de-eva-perdiguero-en-el-ii-encuentro-escuela-2\">V\u00eddeo de la intervenci\u00f3n de Eva Perdiguero en el II Encuentro Escuela 2.0<\/a>.<\/li>\n<li><a href=\"http:\/\/recursostic.educacion.es\/blogs\/buenaspracticas20\/index.php\/2010\/09\/27\/joaquin-mesa\" target=\"_blank\">Joaqu\u00edn Mesa y los proyectos integrados<\/a> publicado en el blog BP 2.0<\/li>\n<li><a title=\"Ir a Creando y publicando v\u00eddeos de tus b\u00fasquedas en Google\" href=\"http:\/\/www.educacontic.es\/blog\/creando-y-publicando-videos-de-tus-busquedas-en-google\">Creando y publicando v\u00eddeos de tus b\u00fasquedas en Google<\/a> publicado en educ@contic.<\/li>\n<li>Es importante conocer las distintas herramientas que la web 2.0 pone a nuestro alcance, pero su conocimiento s\u00f3lo cobra verdadero sentido cuando comprobamos con casos concretos y reales que su utilizaci\u00f3n permite mejorar la formaci\u00f3n y la creatividad de nuestro alumnado. Es el caso de los blogs que aqu\u00ed hoy comentamos, un placer ha sido visitar:\u00a0<a href=\"http:\/\/www.latribudepcpi.blogspot.com\/\" target=\"_blank\">el blog de aula<\/a> de los alumnos de un PCPI, el\u00a0<a href=\"http:\/\/luisvia.org\/\" target=\"_blank\">blog de un profesor de Historia<\/a> del Colegio Vedruna,\u00a0<a href=\"http:\/\/xilocopa.blogspot.com\/\" target=\"_blank\">el videoblog<\/a> de los alumnos de Biolog\u00eda del IES Santiago Ap\u00f3stol, el proyecto\u00a0<a href=\"http:\/\/generacionazahar.blogspot.com\/\" target=\"_blank\">Generaci\u00f3n Azahar<\/a> del IES Azahar de Sevilla y\u00a0<a href=\"http:\/\/cpevaristovalle.com\/mirador\/\" target=\"_blank\">El Mirador del Evaristo<\/a> blog de aula de los alumnos de 4\u00ba de Primaria del Colegio\u00a0\u201cEvaristo Valle\u201d de Gij\u00f3n. <a href=\"http:\/\/www.educacontic.es\/blog\/blogs-educativos-27-9-2010\" target=\"_blank\">Leer art\u00edculo completo en educ@contic<\/a>.<\/li>\n<li>He empezado a trabajar con <a href=\"http:\/\/superdiver3.blogspot.com\/\" target=\"_blank\">el blog de los Superdiver<\/a>, tengo unos alumnos de lujo, os voy a presentar a los de 4\u00ba aunque no acostumbro a referirme a ellos en este blog.<\/li>\n<table border=\"0\" cellspacing=\"0\" cellpadding=\"0\" bgcolor=\"#ffffff\">\n<tbody>\n<tr>\n<td><a href=\"http:\/\/smilebox.com\/play\/4d546b774e6a49354d546b3d0d0a&amp;blogview=true&amp;campaign=blog_playback_link\" target=\"_blank\"><img loading=\"lazy\" decoding=\"async\" style=\"border: medium none ;\" src=\"http:\/\/smilebox.com\/snap\/4d546b774e6a49354d546b3d0d0a.jpg\" alt=\"Click to play this Smilebox photo album\" width=\"420\" height=\"330\" \/><\/a><\/td>\n<\/tr>\n<tr>\n<td><a href=\"http:\/\/www.smilebox.com\/?partner=smilebox&amp;campaign=blog_snapshot\" target=\"_blank\"><img loading=\"lazy\" decoding=\"async\" style=\"border: medium none ;\" src=\"http:\/\/www.smilebox.com\/globalImages\/blogInstructions\/blogLogoSmilebox.gif\" alt=\"Create your own photo album - Powered by Smilebox\" width=\"420\" height=\"46\" \/><\/a><\/td>\n<\/tr>\n<tr>\n<td align=\"center\">This <a href=\"http:\/\/www.smilebox.com\/all\/\" target=\"_blank\">photo album<\/a> generated with Smilebox<\/td>\n<\/tr>\n<\/tbody>\n<\/table>\n<\/ul>\n","protected":false},"excerpt":{"rendered":"<p>\u00bf Twitfesor, wikifesor, blogfesor, que co\u00f1o soy ? lo vamos a dejar en profesor Paco&#8230; Este mes he publicado en otros blogs en los que escribo lo siguiente: Art\u00edculo sobre V\u00edctor Cuevas ,Orientador del\u00a0IES Joaqu\u00edn Ara\u00fajo de Fuenlabrada, Madrid. Tuvimos el placer de escucharlo y de compartir buenos momentos el pasado mes de marzo en [&hellip;]<\/p>\n","protected":false},"author":1,"featured_media":0,"comment_status":"open","ping_status":"open","sticky":false,"template":"","format":"standard","meta":{"footnotes":""},"categories":[37,8,18,28,2],"tags":[],"class_list":["post-3428","post","type-post","status-publish","format-standard","hentry","category-colaboraciones","category-educacion_e_internet","category-tic","category-web20","category-weblogs_en_el_aula"],"_links":{"self":[{"href":"http:\/\/aula21.net\/aulablog21\/wp-json\/wp\/v2\/posts\/3428","targetHints":{"allow":["GET"]}}],"collection":[{"href":"http:\/\/aula21.net\/aulablog21\/wp-json\/wp\/v2\/posts"}],"about":[{"href":"http:\/\/aula21.net\/aulablog21\/wp-json\/wp\/v2\/types\/post"}],"author":[{"embeddable":true,"href":"http:\/\/aula21.net\/aulablog21\/wp-json\/wp\/v2\/users\/1"}],"replies":[{"embeddable":true,"href":"http:\/\/aula21.net\/aulablog21\/wp-json\/wp\/v2\/comments?post=3428"}],"version-history":[{"count":0,"href":"http:\/\/aula21.net\/aulablog21\/wp-json\/wp\/v2\/posts\/3428\/revisions"}],"wp:attachment":[{"href":"http:\/\/aula21.net\/aulablog21\/wp-json\/wp\/v2\/media?parent=3428"}],"wp:term":[{"taxonomy":"category","embeddable":true,"href":"http:\/\/aula21.net\/aulablog21\/wp-json\/wp\/v2\/categories?post=3428"},{"taxonomy":"post_tag","embeddable":true,"href":"http:\/\/aula21.net\/aulablog21\/wp-json\/wp\/v2\/tags?post=3428"}],"curies":[{"name":"wp","href":"https:\/\/api.w.org\/{rel}","templated":true}]}}