{"id":347,"date":"2005-05-11T16:03:40","date_gmt":"2005-05-11T15:03:40","guid":{"rendered":"http:\/\/127.0.0.1\/wordpress2\/index.php\/archives\/2005\/05\/11\/foro-tecnoneet-de-tecnologia-educativa-y-atencion-a-la-diversidad\/"},"modified":"2005-05-11T16:03:40","modified_gmt":"2005-05-11T15:03:40","slug":"foro-tecnoneet-de-tecnologia-educativa-y-atencion-a-la-diversidad","status":"publish","type":"post","link":"http:\/\/aula21.net\/aulablog21\/archives\/2005\/05\/11\/foro-tecnoneet-de-tecnologia-educativa-y-atencion-a-la-diversidad\/","title":{"rendered":"Foro Tecnoneet de Tecnolog\u00eda Educativa y Atenci\u00f3n a la Diversidad"},"content":{"rendered":"<p>Lla Consejer\u00eda de Educaci\u00f3n y Cultura de la Regi\u00f3n de Murcia ha creado recientemente el Foro Tecnoneet de Tecnolog\u00eda Educativa y Atenci\u00f3n a la Diversidad.\u00a0 <\/p>\n<p>En dicho foro, accesible en <a href=\"http:\/\/www.tecnoneet.org\/\">www.tecnoneet.org<\/a>, se puede acceder a los m\u00e1s de 200 art\u00edculos (ponencias y comunicaciones) que se han generado en los \u00faltimos Congresos Tecnoneet (2000, 2002 y 2004); as\u00ed como<br \/>descargarse otras publicaciones y conocer todos los proyectos que desarrolla el equipo Tecnoneet.<\/p>\n<p>Adem\u00e1s, y gracias a un acuerdo con la Fundaci\u00f3n Integra y la Fundaci\u00f3n Telef\u00f3nica, se puede acceder a los materiales (videos y texto), de los Congresos Virtuales Tecnoneet 2002 y 2004, previo registro gratuito.<\/p>\n<p>Este foro tambi\u00e9n ser\u00e1 escaparate y cr\u00f3nica de los Congresos Nacionales Tecnoneet, cuya cuarta edici\u00f3n se celebrar\u00e1 en septiembre de 2006.<\/p>\n","protected":false},"excerpt":{"rendered":"<p>Lla Consejer\u00eda de Educaci\u00f3n y Cultura de la Regi\u00f3n de Murcia ha creado recientemente el Foro Tecnoneet de Tecnolog\u00eda Educativa y Atenci\u00f3n a la Diversidad.\u00a0 En dicho foro, accesible en www.tecnoneet.org, se puede acceder a los m\u00e1s de 200 art\u00edculos (ponencias y comunicaciones) que se han generado en los \u00faltimos Congresos Tecnoneet (2000, 2002 y [&hellip;]<\/p>\n","protected":false},"author":1,"featured_media":0,"comment_status":"open","ping_status":"open","sticky":false,"template":"","format":"standard","meta":{"footnotes":""},"categories":[8,14],"tags":[],"class_list":["post-347","post","type-post","status-publish","format-standard","hentry","category-educacion_e_internet","category-recursos-variados"],"_links":{"self":[{"href":"http:\/\/aula21.net\/aulablog21\/wp-json\/wp\/v2\/posts\/347","targetHints":{"allow":["GET"]}}],"collection":[{"href":"http:\/\/aula21.net\/aulablog21\/wp-json\/wp\/v2\/posts"}],"about":[{"href":"http:\/\/aula21.net\/aulablog21\/wp-json\/wp\/v2\/types\/post"}],"author":[{"embeddable":true,"href":"http:\/\/aula21.net\/aulablog21\/wp-json\/wp\/v2\/users\/1"}],"replies":[{"embeddable":true,"href":"http:\/\/aula21.net\/aulablog21\/wp-json\/wp\/v2\/comments?post=347"}],"version-history":[{"count":0,"href":"http:\/\/aula21.net\/aulablog21\/wp-json\/wp\/v2\/posts\/347\/revisions"}],"wp:attachment":[{"href":"http:\/\/aula21.net\/aulablog21\/wp-json\/wp\/v2\/media?parent=347"}],"wp:term":[{"taxonomy":"category","embeddable":true,"href":"http:\/\/aula21.net\/aulablog21\/wp-json\/wp\/v2\/categories?post=347"},{"taxonomy":"post_tag","embeddable":true,"href":"http:\/\/aula21.net\/aulablog21\/wp-json\/wp\/v2\/tags?post=347"}],"curies":[{"name":"wp","href":"https:\/\/api.w.org\/{rel}","templated":true}]}}