{"id":3473,"date":"2010-09-28T17:00:03","date_gmt":"2010-09-28T16:00:03","guid":{"rendered":"http:\/\/aula21.net\/aulablog21\/?p=3473"},"modified":"2010-09-28T20:32:12","modified_gmt":"2010-09-28T19:32:12","slug":"colegio-2-0-modelo","status":"publish","type":"post","link":"http:\/\/aula21.net\/aulablog21\/archives\/2010\/09\/28\/colegio-2-0-modelo\/","title":{"rendered":"Colegio 2.0 modelo"},"content":{"rendered":"<p><!--adsense--><br \/>\nLa Comisi\u00f3n de Educaci\u00f3n y Deporte del Senado ha seleccionado al colegio p\u00fablico<a href=\"http:\/\/www.juntadeandalucia.es\/averroes\/sanwalabonso\/\" target=\"_blank\"> San Walabonso de Niebla (Huelva)<\/a> para conocer la implantaci\u00f3n de la Escuela TIC 2.0 en Andaluc\u00eda como <a href=\"http:\/\/www.juntadeandalucia.es\/educacion\/nav\/contenido.jsp?pag=\/Contenidos\/GabinetePrensa\/Notas_de_prensa\/2010\/Septiembre\/nota_prensa_280910_walabonso&amp;vismenu=0,0,1,1,1,1,0,0,0\">podemos leer en la web de la Consejer\u00eda de Educaci\u00f3n de Andaluc\u00eda.<\/a><br \/>\nHace ya muchos a\u00f1os que tengo a dicho Colegio como modelo, son numerosos los art\u00edculos que he escrito al respecto en mi blog y el a\u00f1o pasado publiqu\u00e9\u00a0<a href=\"http:\/\/www.educacontic.es\/blog\/buenas-practicas-en-el-colegio-san-walabonso-de-niebla\" target=\"_blank\">un extenso reportaje sobre el mismo en educ@contic<\/a>, una vez m\u00e1s enhorabuena a padres, profesores y alumnos en general \u00a0y en especial a Fernando Garc\u00eda P\u00e1ez, autor de la presentaci\u00f3n que muestro a continuaci\u00f3n.<\/p>\n<div id=\"__ss_3676783\" style=\"width: 425px;\"><strong><a title=\"Integrar las TIC\" href=\"http:\/\/www.slideshare.net\/fgpaez\/integrar-las-tic\">Integrar las TIC<\/a><\/strong><object id=\"__sse3676783\" classid=\"clsid:d27cdb6e-ae6d-11cf-96b8-444553540000\" width=\"425\" height=\"355\" codebase=\"http:\/\/download.macromedia.com\/pub\/shockwave\/cabs\/flash\/swflash.cab#version=6,0,40,0\"><param name=\"allowFullScreen\" value=\"true\" \/><param name=\"allowScriptAccess\" value=\"always\" \/><param name=\"src\" value=\"http:\/\/static.slidesharecdn.com\/swf\/ssplayer2.swf?doc=integrarlastic-100409122409-phpapp01&amp;stripped_title=integrar-las-tic&amp;userName=fgpaez\" \/><param name=\"name\" value=\"__sse3676783\" \/><param name=\"allowfullscreen\" value=\"true\" \/><embed id=\"__sse3676783\" type=\"application\/x-shockwave-flash\" width=\"425\" height=\"355\" src=\"http:\/\/static.slidesharecdn.com\/swf\/ssplayer2.swf?doc=integrarlastic-100409122409-phpapp01&amp;stripped_title=integrar-las-tic&amp;userName=fgpaez\" name=\"__sse3676783\" allowscriptaccess=\"always\" allowfullscreen=\"true\"><\/embed><\/object><\/p>\n<div style=\"padding:5px 0 12px\">View more <a href=\"http:\/\/www.slideshare.net\/\">presentations<\/a> from <a href=\"http:\/\/www.slideshare.net\/fgpaez\">fgpaez<\/a>.<\/div>\n<\/div>\n","protected":false},"excerpt":{"rendered":"<p>La Comisi\u00f3n de Educaci\u00f3n y Deporte del Senado ha seleccionado al colegio p\u00fablico San Walabonso de Niebla (Huelva) para conocer la implantaci\u00f3n de la Escuela TIC 2.0 en Andaluc\u00eda como podemos leer en la web de la Consejer\u00eda de Educaci\u00f3n de Andaluc\u00eda. Hace ya muchos a\u00f1os que tengo a dicho Colegio como modelo, son numerosos [&hellip;]<\/p>\n","protected":false},"author":1,"featured_media":0,"comment_status":"open","ping_status":"open","sticky":false,"template":"","format":"standard","meta":{"footnotes":""},"categories":[8,28],"tags":[],"class_list":["post-3473","post","type-post","status-publish","format-standard","hentry","category-educacion_e_internet","category-web20"],"_links":{"self":[{"href":"http:\/\/aula21.net\/aulablog21\/wp-json\/wp\/v2\/posts\/3473","targetHints":{"allow":["GET"]}}],"collection":[{"href":"http:\/\/aula21.net\/aulablog21\/wp-json\/wp\/v2\/posts"}],"about":[{"href":"http:\/\/aula21.net\/aulablog21\/wp-json\/wp\/v2\/types\/post"}],"author":[{"embeddable":true,"href":"http:\/\/aula21.net\/aulablog21\/wp-json\/wp\/v2\/users\/1"}],"replies":[{"embeddable":true,"href":"http:\/\/aula21.net\/aulablog21\/wp-json\/wp\/v2\/comments?post=3473"}],"version-history":[{"count":0,"href":"http:\/\/aula21.net\/aulablog21\/wp-json\/wp\/v2\/posts\/3473\/revisions"}],"wp:attachment":[{"href":"http:\/\/aula21.net\/aulablog21\/wp-json\/wp\/v2\/media?parent=3473"}],"wp:term":[{"taxonomy":"category","embeddable":true,"href":"http:\/\/aula21.net\/aulablog21\/wp-json\/wp\/v2\/categories?post=3473"},{"taxonomy":"post_tag","embeddable":true,"href":"http:\/\/aula21.net\/aulablog21\/wp-json\/wp\/v2\/tags?post=3473"}],"curies":[{"name":"wp","href":"https:\/\/api.w.org\/{rel}","templated":true}]}}