{"id":3479,"date":"2010-09-29T07:51:20","date_gmt":"2010-09-29T06:51:20","guid":{"rendered":"http:\/\/aula21.net\/aulablog21\/?p=3479"},"modified":"2010-09-29T11:05:51","modified_gmt":"2010-09-29T10:05:51","slug":"5-anos-de-amistad-y-los-que-nos-quedan","status":"publish","type":"post","link":"http:\/\/aula21.net\/aulablog21\/archives\/2010\/09\/29\/5-anos-de-amistad-y-los-que-nos-quedan\/","title":{"rendered":"5 a\u00f1os de amistad y los que nos quedan"},"content":{"rendered":"<p><!--adsense--><br \/>\nBien sabe mucha gente que An\u00edbal de la Torre es autor de <a href=\"http:\/\/www.adelat.org\/index.php\"><span style=\"color: #003399;\">un magn\u00edfico blog <\/span><\/a> dedicado a Elearning, integraci\u00f3n de TICs, Sistema Educativo, Tecnolog\u00eda Educativa y otras cosillas\u2026<\/p>\n<p>Actualmente es el coordinador del grupo de profesores que escribimos en educ@contic, hoy con su habitual maestr\u00eda hace una bonita y cari\u00f1osa rese\u00f1a de todos nosotros titulada <a href=\"http:\/\/www.adelat.org\/index.php?title=disfrutando-con-educacontic&amp;more=1&amp;c=1&amp;tb=1&amp;pb=1\">Disfrutando mucho con la gente de EducaconTIC.<\/a><\/p>\n<p>Anibal es andaluz, noble, amigo de sus amigos y tiene una cabeza muy bien amueblada, hace ya muchos a\u00f1os que nos conocemos a traves de Internet. Nuestro primer encuentro cara a cara fue hace 5 a\u00f1os con motivo de la asistencia a una reuni\u00f3n en Madrid a la que fuimos invitados por <a href=\"http:\/\/cuadernodelprofesor.org\/\" target=\"_blank\">Jos\u00e9 Cuerva<\/a>.<\/p>\n<p>Para demostrar lo dicho pondr\u00e9 esta foto junto a An\u00edbal y otros ilustres blogeros.<br \/>\n<img loading=\"lazy\" decoding=\"async\" src=\"http:\/\/aula21.net\/aulablog21\/subidas\/blogfesores1.jpg\" alt=\"Reuni\u00e7on Madrid\" width=\"450\" height=\"338\" \/><\/p>\n<p>De izquierda a derecha: <a href=\"http:\/\/cuadernodelprofesor.org\/\" target=\"_blank\">Jos\u00e9 Cuerva<\/a> ,<a href=\"http:\/\/www.yalocin.com\/modules\/portada\/\">Charo Fern\u00e1ndez<\/a>, <a href=\"http:\/\/sekeirox.blogia.com\/\">Carlos<\/a>,\u00a0<a href=\"http:\/\/lbarroso.com\/index.php?option=com_content&amp;task=view&amp;id=98&amp;Itemid=78\">Lourdes Barroso<\/a> , <a href=\"http:\/\/www.aula21.net\" target=\"_blank\">Francisco Mu\u00f1oz de la Pe\u00f1a<\/a>, <a href=\"http:\/\/avalero.com\/\" target=\"_blank\"><span style=\"color: #003399;\">Alejandro Valero<\/span><\/a> y <a href=\"http:\/\/www.adelat.org\/\"><span style=\"color: #003399;\">An\u00edbal de la Torre<\/span><\/a> ( er ni\u00f1o de Palma\u00a0), la foto la tom\u00f3 Carmen Jal\u00f3n en aquel entonces asesora del CEP de C\u00f3rdoba.<br \/>\nEn aquellos d\u00edas eramos muy pocos los profesores que ten\u00edamos un blog y habl\u00e1bamos de ellos como ni\u00f1os chicos disfrutando de sus juguetes.<\/p>\n<p>Hemos colaborado en diversos proyectos y un verano hicimos juntos una gira por diversos saraos tic de Espa\u00f1a.<\/p>\n<p><img loading=\"lazy\" decoding=\"async\" class=\"alignnone\" src=\"http:\/\/lh5.google.com\/image\/aula21\/Rl_ndIfRLzI\/AAAAAAAAACU\/8U4XH0MgVKE\/s400\/scissors.jpg\" alt=\"\" width=\"336\" height=\"400\" \/><\/p>\n<p>Cuando cumpli\u00f3 los 40 lo celebr\u00e9 con la entrada <a href=\"..\/archives\/2007\/10\/11\/anibal-es-un-monstruo\/\" target=\"_blank\">An\u00edbal es un monstruo<\/a>, yo ya me percat\u00e9 de ello hace muchos a\u00f1os y hoy lo reconocen m\u00e1s all\u00e1 de nuestra fronteras pues ha sido ganador en los prestigiosos premios <a href=\"http:\/\/www.adelat.org\/index.php?title=nominado-en-the-edublogs-awards&amp;more=1&amp;c=1&amp;tb=1&amp;pb=1\" target=\"_blank\">Edublogs Awards<\/a> dentro de la categor\u00eda de <a href=\"http:\/\/edublogawards.com\/2009\/best-educational-use-of-video-visual-2009\/\" target=\"_blank\">Best Educational Use of Video \/ Visual 2009<\/a>.<\/p>\n<p>Hay gente que te pregunta \u00bf y t\u00fa que sacas de todo esto? la respuesta es sencilla, conocer y disfrutar de la amistad de gente como An\u00edbal.<\/p>\n","protected":false},"excerpt":{"rendered":"<p>Bien sabe mucha gente que An\u00edbal de la Torre es autor de un magn\u00edfico blog dedicado a Elearning, integraci\u00f3n de TICs, Sistema Educativo, Tecnolog\u00eda Educativa y otras cosillas\u2026 Actualmente es el coordinador del grupo de profesores que escribimos en educ@contic, hoy con su habitual maestr\u00eda hace una bonita y cari\u00f1osa rese\u00f1a de todos nosotros titulada [&hellip;]<\/p>\n","protected":false},"author":1,"featured_media":0,"comment_status":"open","ping_status":"open","sticky":false,"template":"","format":"standard","meta":{"footnotes":""},"categories":[37,25,7],"tags":[],"class_list":["post-3479","post","type-post","status-publish","format-standard","hentry","category-colaboraciones","category-eventos","category-personal"],"_links":{"self":[{"href":"http:\/\/aula21.net\/aulablog21\/wp-json\/wp\/v2\/posts\/3479","targetHints":{"allow":["GET"]}}],"collection":[{"href":"http:\/\/aula21.net\/aulablog21\/wp-json\/wp\/v2\/posts"}],"about":[{"href":"http:\/\/aula21.net\/aulablog21\/wp-json\/wp\/v2\/types\/post"}],"author":[{"embeddable":true,"href":"http:\/\/aula21.net\/aulablog21\/wp-json\/wp\/v2\/users\/1"}],"replies":[{"embeddable":true,"href":"http:\/\/aula21.net\/aulablog21\/wp-json\/wp\/v2\/comments?post=3479"}],"version-history":[{"count":0,"href":"http:\/\/aula21.net\/aulablog21\/wp-json\/wp\/v2\/posts\/3479\/revisions"}],"wp:attachment":[{"href":"http:\/\/aula21.net\/aulablog21\/wp-json\/wp\/v2\/media?parent=3479"}],"wp:term":[{"taxonomy":"category","embeddable":true,"href":"http:\/\/aula21.net\/aulablog21\/wp-json\/wp\/v2\/categories?post=3479"},{"taxonomy":"post_tag","embeddable":true,"href":"http:\/\/aula21.net\/aulablog21\/wp-json\/wp\/v2\/tags?post=3479"}],"curies":[{"name":"wp","href":"https:\/\/api.w.org\/{rel}","templated":true}]}}