{"id":3515,"date":"2010-10-02T10:49:24","date_gmt":"2010-10-02T09:49:24","guid":{"rendered":"http:\/\/aula21.net\/aulablog21\/?p=3515"},"modified":"2010-10-02T11:17:17","modified_gmt":"2010-10-02T10:17:17","slug":"elecciones-uex-2010-blog-de-arsenio-munoz-de-la-pena","status":"publish","type":"post","link":"http:\/\/aula21.net\/aulablog21\/archives\/2010\/10\/02\/elecciones-uex-2010-blog-de-arsenio-munoz-de-la-pena\/","title":{"rendered":"Elecciones UEX 2010. Blog de Arsenio Mu\u00f1oz de la Pe\u00f1a"},"content":{"rendered":"<p><!--adsense--><br \/>\n<a href=\"http:\/\/www.arsenio2010.com\/p\/la-campana-en-los-medios.html\">En diferentes medios de comunicaci\u00f3n<\/a> Arsenio Mu\u00f1oz de la Pe\u00f1a Castrillo, Catedr\u00e1tico de Qu\u00edmica Anal\u00edtica, ha manifestado su intenci\u00f3n de presentar su candidatura a Rector de la Universidad de Extremadura en las elecciones a celebrar probablemente el pr\u00f3ximo mes de diciembre.<\/p>\n<p>Con tal motivo ha abierto<a href=\"http:\/\/www.arsenio2010.com\/\"> un blog<\/a> que tiene por objetivos:<\/p>\n<ul>\n<li>En una primera etapa hacer part\u00edcipe a toda la comunidad universitaria extreme\u00f1a de la elaboraci\u00f3n del Programa electoral, para ello puedes hacerle llegar tus propuestas a trav\u00e9s de los <a href=\"http:\/\/www.arsenio2010.com\/\" target=\"_blank\">comentarios del \u00a0blog<\/a>, <a href=\"http:\/\/www.arsenio2010.com\/p\/contactar.html\" target=\"_blank\">por email<\/a> y a trav\u00e9s de su <a href=\"http:\/\/es-es.facebook.com\/people\/Arsenio-Munoz-De-la-Pena\/100001387456160\" target=\"_blank\">p\u00e1gina en Facebook.<\/a><\/li>\n<li>Una vez que su candidatura haya sido aceptada y la campa\u00f1a comience\u00a0tendremos acceso al Programa, al curriculum de los miembros del Equipo, agenda electoral, noticias relacionadas con la campa\u00f1a que aparezcan en los diversos medios de comunicaci\u00f3n&#8230;<\/li>\n<\/ul>\n<p>No cabe duda que el fen\u00f3meno de la web 2.0 acabar\u00e1 impregn\u00e1ndolo todo, educaci\u00f3n, pol\u00edtica etc. Creo que los blogs y las redes sociales van a jugar un papel decisivo en la pr\u00f3xima campa\u00f1a de las \u00a0<strong>elecciones UEX 2010<\/strong>.<\/p>\n<p>Como hermano de Arsenio que soy me es dif\u00edcil ser objetivo e imparcial, durante dos a\u00f1os tambi\u00e9n fue mi maestro en mi corta etapa de investigador y lo que s\u00ed afirmo rotundamente, sin temor a equivocarme, es que es una persona inteligente, honrada y trabajadora que ama y conoce profundamente la instituci\u00f3n para la que trabaja.<br \/>\nPara terminar, dada la existencia de otros posibles candidatos a Rector de la UEx solo deseo que gane el mejor por el bien de la Universidad de Extremadura que debe ser un motor importante que nos ayude a salir de la crisis actual.<\/p>\n<p>No lo he podido evitar evitar, he dise\u00f1ado un cartelito para la ocasi\u00f3n, espero que le guste.<\/p>\n<p style=\"text-align: center;\"><a href=\"http:\/\/www.arsenio2010.com\/\" target=\"_blank\"><img loading=\"lazy\" decoding=\"async\" class=\"aligncenter size-full wp-image-3518\" title=\"Imagen 5\" src=\"http:\/\/aula21.net\/aulablog21\/wp-content\/uploads\/2010\/10\/Imagen-5.png\" alt=\"Imagen 5\" width=\"488\" height=\"464\" srcset=\"http:\/\/aula21.net\/aulablog21\/wp-content\/uploads\/2010\/10\/Imagen-5.png 610w, http:\/\/aula21.net\/aulablog21\/wp-content\/uploads\/2010\/10\/Imagen-5-300x285.png 300w\" sizes=\"auto, (max-width: 488px) 100vw, 488px\" \/><\/a><\/p>\n","protected":false},"excerpt":{"rendered":"<p>En diferentes medios de comunicaci\u00f3n Arsenio Mu\u00f1oz de la Pe\u00f1a Castrillo, Catedr\u00e1tico de Qu\u00edmica Anal\u00edtica, ha manifestado su intenci\u00f3n de presentar su candidatura a Rector de la Universidad de Extremadura en las elecciones a celebrar probablemente el pr\u00f3ximo mes de diciembre. Con tal motivo ha abierto un blog que tiene por objetivos: En una primera [&hellip;]<\/p>\n","protected":false},"author":1,"featured_media":0,"comment_status":"open","ping_status":"open","sticky":false,"template":"","format":"standard","meta":{"footnotes":""},"categories":[37,19,25,1,7],"tags":[],"class_list":["post-3515","post","type-post","status-publish","format-standard","hentry","category-colaboraciones","category-educacion","category-eventos","category-miscelanea","category-personal"],"_links":{"self":[{"href":"http:\/\/aula21.net\/aulablog21\/wp-json\/wp\/v2\/posts\/3515","targetHints":{"allow":["GET"]}}],"collection":[{"href":"http:\/\/aula21.net\/aulablog21\/wp-json\/wp\/v2\/posts"}],"about":[{"href":"http:\/\/aula21.net\/aulablog21\/wp-json\/wp\/v2\/types\/post"}],"author":[{"embeddable":true,"href":"http:\/\/aula21.net\/aulablog21\/wp-json\/wp\/v2\/users\/1"}],"replies":[{"embeddable":true,"href":"http:\/\/aula21.net\/aulablog21\/wp-json\/wp\/v2\/comments?post=3515"}],"version-history":[{"count":0,"href":"http:\/\/aula21.net\/aulablog21\/wp-json\/wp\/v2\/posts\/3515\/revisions"}],"wp:attachment":[{"href":"http:\/\/aula21.net\/aulablog21\/wp-json\/wp\/v2\/media?parent=3515"}],"wp:term":[{"taxonomy":"category","embeddable":true,"href":"http:\/\/aula21.net\/aulablog21\/wp-json\/wp\/v2\/categories?post=3515"},{"taxonomy":"post_tag","embeddable":true,"href":"http:\/\/aula21.net\/aulablog21\/wp-json\/wp\/v2\/tags?post=3515"}],"curies":[{"name":"wp","href":"https:\/\/api.w.org\/{rel}","templated":true}]}}