{"id":353,"date":"2005-05-14T11:01:05","date_gmt":"2005-05-14T10:01:05","guid":{"rendered":"http:\/\/127.0.0.1\/wordpress2\/index.php\/archives\/2005\/05\/14\/alvaro-valverde-y-los-blogs\/"},"modified":"2005-05-14T11:12:34","modified_gmt":"2005-05-14T10:12:34","slug":"alvaro-valverde-y-los-blogs","status":"publish","type":"post","link":"http:\/\/aula21.net\/aulablog21\/archives\/2005\/05\/14\/alvaro-valverde-y-los-blogs\/","title":{"rendered":"Alvaro Valverde y los blogs"},"content":{"rendered":"<p>Acabo de llegar de tomar mi segundo caf\u00e9 matutino y leo en el peri\u00f3dico <a href=\"http:\/\/www.hoy.es\/\">Hoy<\/a> con satisfacci\u00f3n un art\u00edculo del escritor extreme\u00f1o\u00a0<a href=\"http:\/\/amediavoz.com\/valverde.htm\">Alvaro Valverde<\/a> titulado <a href=\"http:\/\/www.hoy.es\/pg050514\/prensa\/noticias\/Articulos_Opinion\/200505\/14\/HOY-OPI-241.html\">Bit\u00e1coras<\/a>.<\/p>\n<p>Me ha encantado, especialmente\u00a0el p\u00e1rrafo:<\/p>\n<p><em>Debo confesar que la sensaci\u00f3n de libertad que ese medio me proporciona es incomparable. Uno se siente absoluto due\u00f1o y se\u00f1or de sus opiniones como s\u00f3lo puede sentirse quien es \u00fanico responsable de las mismas. Para bien y para mal. S\u00ed, porque esa libertad sin aparentes cortapisas (m\u00e1s all\u00e1 de las impuestas por el respeto), tan poco habitual en la vida ordinaria, te provoca, aun sin quererlo, un v\u00e9rtigo que unas veces recuerda a las cosquillas en la barriga que uno sent\u00eda desliz\u00e1ndose de peque\u00f1o por una atracci\u00f3n de feria y otras la del mareo que producen la velocidad y la altura.<\/p>\n<p>Esta sigue siendo una de las grandes ventajas de internet. Tambi\u00e9n, c\u00f3mo no, con gente desaprensiva, uno de sus puntos d\u00e9biles. Es agradable encontrar all\u00ed una enciclopedia, una biblioteca o un foro de debate, pero muy lamentable hallar instrucciones para fabricar una bomba o los \u00faltimos berridos de los grupos ultras, fascistas y neonazis. <br \/><\/em>Cita los blogs de otros escritores como:\u00a0\u00a0<a href=\"http:\/\/bayal.blogspot.com)\/\">Gonzalo Hidalgo<\/a>, <a href=\"http:\/\/santosdominguez.blogspot.com\/\">Santos Dom\u00ednguez<\/a> y <a href=\"http:\/\/antoniotejero.blogspot.com\/\">Antonio Tejero<\/a> <\/p>\n<p>Alvaro tiene un blog en <a href=\"http:\/\/mayora.blogspot.com\/\">http:\/\/mayora.blogspot.com<\/a> <\/p>\n<p \/>\n","protected":false},"excerpt":{"rendered":"<p>Acabo de llegar de tomar mi segundo caf\u00e9 matutino y leo en el peri\u00f3dico Hoy con satisfacci\u00f3n un art\u00edculo del escritor extreme\u00f1o\u00a0Alvaro Valverde titulado Bit\u00e1coras. Me ha encantado, especialmente\u00a0el p\u00e1rrafo: Debo confesar que la sensaci\u00f3n de libertad que ese medio me proporciona es incomparable. Uno se siente absoluto due\u00f1o y se\u00f1or de sus opiniones como [&hellip;]<\/p>\n","protected":false},"author":1,"featured_media":0,"comment_status":"open","ping_status":"open","sticky":false,"template":"","format":"standard","meta":{"footnotes":""},"categories":[2],"tags":[],"class_list":["post-353","post","type-post","status-publish","format-standard","hentry","category-weblogs_en_el_aula"],"_links":{"self":[{"href":"http:\/\/aula21.net\/aulablog21\/wp-json\/wp\/v2\/posts\/353","targetHints":{"allow":["GET"]}}],"collection":[{"href":"http:\/\/aula21.net\/aulablog21\/wp-json\/wp\/v2\/posts"}],"about":[{"href":"http:\/\/aula21.net\/aulablog21\/wp-json\/wp\/v2\/types\/post"}],"author":[{"embeddable":true,"href":"http:\/\/aula21.net\/aulablog21\/wp-json\/wp\/v2\/users\/1"}],"replies":[{"embeddable":true,"href":"http:\/\/aula21.net\/aulablog21\/wp-json\/wp\/v2\/comments?post=353"}],"version-history":[{"count":0,"href":"http:\/\/aula21.net\/aulablog21\/wp-json\/wp\/v2\/posts\/353\/revisions"}],"wp:attachment":[{"href":"http:\/\/aula21.net\/aulablog21\/wp-json\/wp\/v2\/media?parent=353"}],"wp:term":[{"taxonomy":"category","embeddable":true,"href":"http:\/\/aula21.net\/aulablog21\/wp-json\/wp\/v2\/categories?post=353"},{"taxonomy":"post_tag","embeddable":true,"href":"http:\/\/aula21.net\/aulablog21\/wp-json\/wp\/v2\/tags?post=353"}],"curies":[{"name":"wp","href":"https:\/\/api.w.org\/{rel}","templated":true}]}}