{"id":357,"date":"2005-05-18T15:45:07","date_gmt":"2005-05-18T14:45:07","guid":{"rendered":"http:\/\/127.0.0.1\/wordpress2\/index.php\/archives\/2005\/05\/18\/hablan-de-ti\/"},"modified":"2005-05-18T15:45:07","modified_gmt":"2005-05-18T14:45:07","slug":"hablan-de-ti","status":"publish","type":"post","link":"http:\/\/aula21.net\/aulablog21\/archives\/2005\/05\/18\/hablan-de-ti\/","title":{"rendered":"Hablan de ti"},"content":{"rendered":"<p>Un nuevo e\u00a0interesante art\u00edculo acerca del fen\u00f3meno Blog de <a href=\"http:\/\/www.enriquedans.com\/\">Enrique Dans<\/a>\u00a0publicado en <a href=\"http:\/\/www.libertaddigital.com\">Libertad Digital<\/a>.<\/p>\n<p><!--StartFragment --><em>\u00a0La portada de Business Week de hace unas semanas dec\u00eda \u201c<\/em><a href=\"http:\/\/www.businessweek.com\/magazine\/toc\/05_18\/B3931magazine.htm\" target=\"_blank\"><em>Blogs will change your business<\/em><\/a><em>\u201c, \u201clos blogs cambiar\u00e1n su negocio\u201d. Hablamos de Business Week, una de las revistas sin duda m\u00e1s influyentes en la comunidad empresarial. Llevamos ya tiempo hablando del impacto de ese fen\u00f3meno, aparentemente extravagante, de la publicaci\u00f3n de p\u00e1ginas personales con estructura y actualizaci\u00f3n cronol\u00f3gica en Internet. Se comenta hasta la saciedad c\u00f3mo existen ya un n\u00famero aproximado de diez millones de blogs recogidos en <\/em><a href=\"http:\/\/www.technorati.com\/\" target=\"_blank\"><em>Technorati<\/em><\/a><em>, la herramienta de b\u00fasqueda m\u00e1s adecuada para un mundo, la blogosfera, que se mueve tan r\u00e1pido que hasta el mismo <\/em><a href=\"http:\/\/www.google.com\/\" target=\"_blank\"><em>Google<\/em><\/a><em> resulta demasiado lento. A nivel mundial, el n\u00famero de blogs crece a raz\u00f3n de entre cuarenta y sesenta mil \u00a1\u00a1cada d\u00eda!! Obviamente, muchos ser\u00e1n completamente absurdos, poco interesantes o ser\u00e1n abandonados a los tres d\u00edas, pero\u2026 \u00bfpodemos ignorar un fen\u00f3meno as\u00ed?&#8230;<\/em> <a href=\"http:\/\/www.libertaddigital.com\/opiniones\/opi_desa_24901.html\">Seguir leyendo<\/a><\/><\/p>\n","protected":false},"excerpt":{"rendered":"<p>Un nuevo e\u00a0interesante art\u00edculo acerca del fen\u00f3meno Blog de Enrique Dans\u00a0publicado en Libertad Digital. \u00a0La portada de Business Week de hace unas semanas dec\u00eda \u201cBlogs will change your business\u201c, \u201clos blogs cambiar\u00e1n su negocio\u201d. Hablamos de Business Week, una de las revistas sin duda m\u00e1s influyentes en la comunidad empresarial. Llevamos ya tiempo hablando del [&hellip;]<\/p>\n","protected":false},"author":1,"featured_media":0,"comment_status":"open","ping_status":"open","sticky":false,"template":"","format":"standard","meta":{"footnotes":""},"categories":[3],"tags":[],"class_list":["post-357","post","type-post","status-publish","format-standard","hentry","category-weblogs_herramientas_trucos_etc"],"_links":{"self":[{"href":"http:\/\/aula21.net\/aulablog21\/wp-json\/wp\/v2\/posts\/357","targetHints":{"allow":["GET"]}}],"collection":[{"href":"http:\/\/aula21.net\/aulablog21\/wp-json\/wp\/v2\/posts"}],"about":[{"href":"http:\/\/aula21.net\/aulablog21\/wp-json\/wp\/v2\/types\/post"}],"author":[{"embeddable":true,"href":"http:\/\/aula21.net\/aulablog21\/wp-json\/wp\/v2\/users\/1"}],"replies":[{"embeddable":true,"href":"http:\/\/aula21.net\/aulablog21\/wp-json\/wp\/v2\/comments?post=357"}],"version-history":[{"count":0,"href":"http:\/\/aula21.net\/aulablog21\/wp-json\/wp\/v2\/posts\/357\/revisions"}],"wp:attachment":[{"href":"http:\/\/aula21.net\/aulablog21\/wp-json\/wp\/v2\/media?parent=357"}],"wp:term":[{"taxonomy":"category","embeddable":true,"href":"http:\/\/aula21.net\/aulablog21\/wp-json\/wp\/v2\/categories?post=357"},{"taxonomy":"post_tag","embeddable":true,"href":"http:\/\/aula21.net\/aulablog21\/wp-json\/wp\/v2\/tags?post=357"}],"curies":[{"name":"wp","href":"https:\/\/api.w.org\/{rel}","templated":true}]}}