{"id":358,"date":"2005-05-19T15:35:18","date_gmt":"2005-05-19T14:35:18","guid":{"rendered":"http:\/\/127.0.0.1\/wordpress2\/index.php\/archives\/2005\/05\/19\/nuevas-iniciativas-de-daniel-primo\/"},"modified":"2005-05-19T15:35:18","modified_gmt":"2005-05-19T14:35:18","slug":"nuevas-iniciativas-de-daniel-primo","status":"publish","type":"post","link":"http:\/\/aula21.net\/aulablog21\/archives\/2005\/05\/19\/nuevas-iniciativas-de-daniel-primo\/","title":{"rendered":"Nuevas iniciativas de Daniel Primo"},"content":{"rendered":"<p>Daniel Primo responsable junto a Miguel Santa Olalla de <a href=\"http:\/\/www.boulesis.com \">Boulesis <\/a>me informa de una nueva iniciativa, se trata de  <a href=\"http:\/\/colegiosanagustin.net\/globoeduca\/\">Globoeduca<\/a> , la bit\u00e1cora educativa del <a href=\"http:\/\/www.colegiosanagustin.net\/\">colegio San Agust\u00edn<\/a> de Valladolid dedicada  principalmente a la educaci\u00f3n y a divulgar los contenidos culturales y educativos que se publican en Internet, la cual est\u00e1 gestionada con el sistema <a href=\"http:\/\/colegiosanagustin.net\/bitacoras\/\">Nucleus.<\/a><br \/>En <a href=\"http:\/\/colegiosanagustin.net\/bitacoras\/\">est\u00e1 p\u00e1gina <\/a> podemos ver el listado de los blogs de este colegio.<br \/>Asimismo  desde <a href=\"http:\/\/www.boulesis.com\/\">boulesis.com<\/a>, apoyados por varias instituciones y colectivos, lanzan una <a href=\"http:\/\/www.boulesis.com\/firmas\/\" title=\"Ay\u00fadanos a salvar la filosof\u00eda. Click y sabr\u00e1s m\u00e1s\">recogida de firmas<\/a> <em>on-line<\/em> en favor de la asignatura de filosof\u00eda en bachillerato y de \u00e9tica en 4\u00ba de E.S.O.<\/p>\n","protected":false},"excerpt":{"rendered":"<p>Daniel Primo responsable junto a Miguel Santa Olalla de Boulesis me informa de una nueva iniciativa, se trata de Globoeduca , la bit\u00e1cora educativa del colegio San Agust\u00edn de Valladolid dedicada principalmente a la educaci\u00f3n y a divulgar los contenidos culturales y educativos que se publican en Internet, la cual est\u00e1 gestionada con el sistema [&hellip;]<\/p>\n","protected":false},"author":1,"featured_media":0,"comment_status":"open","ping_status":"open","sticky":false,"template":"","format":"standard","meta":{"footnotes":""},"categories":[2],"tags":[],"class_list":["post-358","post","type-post","status-publish","format-standard","hentry","category-weblogs_en_el_aula"],"_links":{"self":[{"href":"http:\/\/aula21.net\/aulablog21\/wp-json\/wp\/v2\/posts\/358","targetHints":{"allow":["GET"]}}],"collection":[{"href":"http:\/\/aula21.net\/aulablog21\/wp-json\/wp\/v2\/posts"}],"about":[{"href":"http:\/\/aula21.net\/aulablog21\/wp-json\/wp\/v2\/types\/post"}],"author":[{"embeddable":true,"href":"http:\/\/aula21.net\/aulablog21\/wp-json\/wp\/v2\/users\/1"}],"replies":[{"embeddable":true,"href":"http:\/\/aula21.net\/aulablog21\/wp-json\/wp\/v2\/comments?post=358"}],"version-history":[{"count":0,"href":"http:\/\/aula21.net\/aulablog21\/wp-json\/wp\/v2\/posts\/358\/revisions"}],"wp:attachment":[{"href":"http:\/\/aula21.net\/aulablog21\/wp-json\/wp\/v2\/media?parent=358"}],"wp:term":[{"taxonomy":"category","embeddable":true,"href":"http:\/\/aula21.net\/aulablog21\/wp-json\/wp\/v2\/categories?post=358"},{"taxonomy":"post_tag","embeddable":true,"href":"http:\/\/aula21.net\/aulablog21\/wp-json\/wp\/v2\/tags?post=358"}],"curies":[{"name":"wp","href":"https:\/\/api.w.org\/{rel}","templated":true}]}}