{"id":3595,"date":"2010-10-08T19:29:54","date_gmt":"2010-10-08T18:29:54","guid":{"rendered":"http:\/\/aula21.net\/aulablog21\/?p=3595"},"modified":"2010-10-08T19:32:30","modified_gmt":"2010-10-08T18:32:30","slug":"llega-a-las-escuelas-la-segunda-generacion-de-libros-de-texto-digitales","status":"publish","type":"post","link":"http:\/\/aula21.net\/aulablog21\/archives\/2010\/10\/08\/llega-a-las-escuelas-la-segunda-generacion-de-libros-de-texto-digitales\/","title":{"rendered":"Llega a las escuelas la segunda generaci\u00f3n de libros de texto digitales"},"content":{"rendered":"<div style=\"background-color: transparent; font-family: Times; line-height: normal; font-size: medium; margin: 0px;\"><span style=\"font-family: Verdana; font-size: small;\"><span style=\"white-space: pre-wrap;\"><\/p>\n<div style=\"background-color: transparent; font-family: Times; line-height: normal; font-size: medium; margin: 0px;\"><span style=\"font-size: 10pt; font-family: Verdana; color: #000000; background-color: transparent; font-weight: normal; font-style: normal; text-decoration: none; vertical-align: baseline; white-space: pre-wrap;\">Con el nuevo curso acad\u00e9mico ha llegado a las escuelas espa\u00f1olas la segunda generaci\u00f3n de libros de texto digitales. <\/span><a href=\"http:\/\/www.digital-text.com\/index.php\"><span style=\"font-size: 10pt; font-family: Verdana; color: #0000ff; background-color: transparent; font-weight: normal; font-style: normal; vertical-align: baseline; white-space: pre-wrap; text-decoration: underline;\">Digital-Text<\/span><\/a><span style=\"font-size: 10pt; font-family: Verdana; color: #000000; background-color: transparent; font-weight: normal; font-style: normal; text-decoration: none; vertical-align: baseline; white-space: pre-wrap;\">, que fue la primera empresa en dise\u00f1ar un libro de texto digital en Espa\u00f1a, utiliza su experiencia acumulada y ofrece ahora un nuevo modelo de libro m\u00e1s avanzado.<\/span><\/div>\n<div style=\"background-color: transparent; font-family: Times; line-height: normal; font-size: medium; margin: 0px;\"><span id=\"internal-source-marker_0.778696030145511\" style=\"font-size: 10pt; font-family: Verdana; color: #000000; background-color: transparent; font-weight: normal; font-style: normal; text-decoration: none; vertical-align: baseline; white-space: pre-wrap;\">Son libros con m\u00e1s animaciones y elementos audiovisuales, con m\u00e1s recursos complementarios de todo tipo y que potencian los elementos interactivos para, as\u00ed, propiciar una mayor participaci\u00f3n del alumno en el proceso educativo. Lo pod\u00e9is ver <\/span><a href=\"http:\/\/www.digital-text.com\/es\/ver-contenido\/capitulos.htm\"><span style=\"font-size: 10pt; font-family: Verdana; color: #0000ff; background-color: transparent; font-weight: bold; font-style: normal; vertical-align: baseline; white-space: pre-wrap; text-decoration: underline;\">aqu\u00ed<\/span><\/a><span style=\"font-size: 10pt; font-family: Verdana; color: #000000; background-color: transparent; font-weight: normal; font-style: normal; text-decoration: none; vertical-align: baseline; white-space: pre-wrap;\">, en los cap\u00edtulos de muestra que Digital-Text ofrece en su p\u00e1gina web.<\/span><\/div>\n<p><\/span><\/span><\/div>\n<div style=\"background-color: transparent; font-family: Times; line-height: normal; font-size: medium; margin: 0px;\"><span style=\"font-size: 10pt; font-family: Verdana; color: #000000; background-color: transparent; font-weight: normal; font-style: normal; text-decoration: none; vertical-align: baseline; white-space: pre-wrap;\"><a href=\"http:\/\/aula21.net\/aulablog21\/wp-content\/uploads\/2010\/10\/dt1.png\"><img loading=\"lazy\" decoding=\"async\" class=\"aligncenter size-full wp-image-3596\" title=\"dt1\" src=\"http:\/\/aula21.net\/aulablog21\/wp-content\/uploads\/2010\/10\/dt1.png\" alt=\"dt1\" width=\"457\" height=\"294\" srcset=\"http:\/\/aula21.net\/aulablog21\/wp-content\/uploads\/2010\/10\/dt1.png 457w, http:\/\/aula21.net\/aulablog21\/wp-content\/uploads\/2010\/10\/dt1-300x193.png 300w\" sizes=\"auto, (max-width: 457px) 100vw, 457px\" \/><\/a><\/span><\/div>\n<div style=\"background-color: transparent; font-family: Times; line-height: normal; font-size: medium; margin: 0px;\"><span style=\"font-size: 10pt; font-family: Verdana; color: #000000; background-color: transparent; font-weight: normal; font-style: normal; text-decoration: none; vertical-align: baseline; white-space: pre-wrap;\"><br \/>\n<\/span><\/div>\n<div style=\"background-color: transparent; font-family: Times; line-height: normal; font-size: medium; margin: 0px;\"><a href=\"http:\/\/aula21.net\/aulablog21\/wp-content\/uploads\/2010\/10\/dt2.png\"><img loading=\"lazy\" decoding=\"async\" class=\"aligncenter size-full wp-image-3597\" title=\"dt2\" src=\"http:\/\/aula21.net\/aulablog21\/wp-content\/uploads\/2010\/10\/dt2.png\" alt=\"dt2\" width=\"464\" height=\"276\" srcset=\"http:\/\/aula21.net\/aulablog21\/wp-content\/uploads\/2010\/10\/dt2.png 464w, http:\/\/aula21.net\/aulablog21\/wp-content\/uploads\/2010\/10\/dt2-300x178.png 300w\" sizes=\"auto, (max-width: 464px) 100vw, 464px\" \/><\/a><\/div>\n<div style=\"background-color: transparent; font-family: Times; line-height: normal; font-size: medium; margin: 0px;\"><span id=\"internal-source-marker_0.778696030145511\" style=\"font-size: 10pt; font-family: Verdana; color: #000000; background-color: transparent; font-weight: normal; font-style: normal; text-decoration: none; vertical-align: baseline; white-space: pre-wrap;\">Una de las principales virtudes del libro digital es que puede actualizarse constantemente. Digital-Text, a partir de un continuo <\/span><span style=\"font-size: 10pt; font-family: Verdana; color: #000000; background-color: transparent; font-weight: normal; font-style: italic; text-decoration: none; vertical-align: baseline; white-space: pre-wrap;\">feedback<\/span><span style=\"font-size: 10pt; font-family: Verdana; color: #000000; background-color: transparent; font-weight: normal; font-style: normal; text-decoration: none; vertical-align: baseline; white-space: pre-wrap;\"> con los profesores y profesoras, aprovecha al m\u00e1ximo esta ventaja. Para este curso ha renovado completamente las asignaturas de Tecnolog\u00eda y Ciencias Naturales; ha implementado importantes mejoras &#8211; tanto de contenidos como de presentaci\u00f3n- \u00a0en el resto de sus libros, y ha ampliado su cat\u00e1logo de materias a\u00f1adiendo las asignaturas de M\u00fasica, Lat\u00edn, Cultura Cl\u00e1sica e Historia y Geograf\u00eda.<\/span><\/p>\n<p><span style=\"font-size: 10pt; font-family: Verdana; color: #000000; background-color: transparent; font-weight: normal; font-style: normal; text-decoration: none; vertical-align: baseline; white-space: pre-wrap;\">En la p\u00e1gina web (<\/span><a href=\"http:\/\/www.digital-text.com\/\"><span style=\"font-size: 10pt; font-family: Verdana; color: #0000ff; background-color: transparent; font-weight: normal; font-style: normal; vertical-align: baseline; white-space: pre-wrap; text-decoration: underline;\">www.digital-text.com<\/span><\/a><span style=\"font-size: 10pt; font-family: Verdana; color: #000000; background-color: transparent; font-weight: normal; font-style: normal; text-decoration: none; vertical-align: baseline; white-space: pre-wrap;\">) se pueden ver con m\u00e1s detalle las asignaturas para el 2010-2011 y los <\/span><a href=\"http:\/\/www.digital-text.com\/es\/ver-contenido\/novedades.htm\"><span style=\"font-size: 10pt; font-family: Verdana; color: #0000ff; background-color: transparent; font-weight: normal; font-style: normal; vertical-align: baseline; white-space: pre-wrap; text-decoration: underline;\">cap\u00edtulos que ya est\u00e1n disponibles<\/span><\/a><span style=\"font-size: 10pt; font-family: Verdana; color: #000000; background-color: transparent; font-weight: normal; font-style: normal; text-decoration: none; vertical-align: baseline; white-space: pre-wrap;\">. As\u00ed mismo, en la web hay tambi\u00e9n una <\/span><a href=\"http:\/\/www.digital-text.com\/es\/ver-contenido\/guia.htm\"><span style=\"font-size: 10pt; font-family: Verdana; color: #0000ff; background-color: transparent; font-weight: normal; font-style: normal; vertical-align: baseline; white-space: pre-wrap; text-decoration: underline;\">Gu\u00eda R\u00e1pida<\/span><\/a><span style=\"font-size: 10pt; font-family: Verdana; color: #000000; background-color: transparent; font-weight: normal; font-style: normal; text-decoration: none; vertical-align: baseline; white-space: pre-wrap;\"> que, a modo de visita virtual, te permite descubrir todas las nuevas herramientas de trabajo y ver c\u00f3mo se utilizan. <\/span><\/p>\n<p><span style=\"font-size: 10pt; font-family: Verdana; color: #000000; background-color: transparent; font-weight: normal; font-style: normal; text-decoration: none; vertical-align: baseline; white-space: pre-wrap;\">El reto es claro: ayudar al docente y apuntalar la revoluci\u00f3n digital que estamos viviendo. <\/span><\/p>\n<p><span style=\"font-size: 10pt; font-family: Verdana; color: #000000; background-color: transparent; font-weight: bold; font-style: normal; text-decoration: none; vertical-align: baseline; white-space: pre-wrap;\">M\u00e1s informaci\u00f3n: <\/span><\/div>\n<div style=\"background-color: transparent; font-family: Times; line-height: normal; font-size: medium; margin: 0px;\">\n<ul>\n<li style=\"list-style-type: disc; font-size: 10pt; font-family: Verdana; color: #000000; background-color: transparent; font-weight: normal; font-style: normal; text-decoration: none; vertical-align: baseline;\"><span style=\"font-size: 10pt; font-family: Verdana; color: #000000; background-color: transparent; font-weight: normal; font-style: normal; text-decoration: none; vertical-align: baseline; white-space: pre-wrap;\">Web de Digital-Text: <\/span><a href=\"http:\/\/www.digital-text.com\/\"><span style=\"font-size: 10pt; font-family: Verdana; color: #0000ff; background-color: transparent; font-weight: normal; font-style: normal; vertical-align: baseline; white-space: pre-wrap; text-decoration: underline;\">www.digital-text.com<\/span><\/a><\/li>\n<li style=\"list-style-type: disc; font-size: 10pt; font-family: Verdana; color: #000000; background-color: transparent; font-weight: normal; font-style: normal; text-decoration: none; vertical-align: baseline;\"><span style=\"font-size: 10pt; font-family: Verdana; color: #000000; background-color: transparent; font-weight: normal; font-style: normal; text-decoration: none; vertical-align: baseline; white-space: pre-wrap;\">Los libros digitales en la prensa: <\/span><a href=\"http:\/\/www.digital-text.com\/es\/ver-contenido\/prensa.htm#prensa\"><span style=\"font-size: 10pt; font-family: Verdana; color: #0000ff; background-color: transparent; font-weight: normal; font-style: normal; vertical-align: baseline; white-space: pre-wrap; text-decoration: underline;\">recopilatorio de art\u00edculos<\/span><\/a><\/li>\n<\/ul>\n<p><a href=\"http:\/\/www.digital-text.com\/es\/ver-contenido\/prensa.htm#prensa\"><\/a><br \/>\n<span style=\"font-family: 'Times New Roman';\"><span style=\"white-space: pre-wrap;\"><strong><br \/>\n<\/strong><\/span><\/span><\/div>\n","protected":false},"excerpt":{"rendered":"<p>Con el nuevo curso acad\u00e9mico ha llegado a las escuelas espa\u00f1olas la segunda generaci\u00f3n de libros de texto digitales. Digital-Text, que fue la primera empresa en dise\u00f1ar un libro de texto digital en Espa\u00f1a, utiliza su experiencia acumulada y ofrece ahora un nuevo modelo de libro m\u00e1s avanzado. Son libros con m\u00e1s animaciones y elementos [&hellip;]<\/p>\n","protected":false},"author":1,"featured_media":0,"comment_status":"open","ping_status":"open","sticky":false,"template":"","format":"standard","meta":{"footnotes":""},"categories":[19,8,14,18],"tags":[],"class_list":["post-3595","post","type-post","status-publish","format-standard","hentry","category-educacion","category-educacion_e_internet","category-recursos-variados","category-tic"],"_links":{"self":[{"href":"http:\/\/aula21.net\/aulablog21\/wp-json\/wp\/v2\/posts\/3595","targetHints":{"allow":["GET"]}}],"collection":[{"href":"http:\/\/aula21.net\/aulablog21\/wp-json\/wp\/v2\/posts"}],"about":[{"href":"http:\/\/aula21.net\/aulablog21\/wp-json\/wp\/v2\/types\/post"}],"author":[{"embeddable":true,"href":"http:\/\/aula21.net\/aulablog21\/wp-json\/wp\/v2\/users\/1"}],"replies":[{"embeddable":true,"href":"http:\/\/aula21.net\/aulablog21\/wp-json\/wp\/v2\/comments?post=3595"}],"version-history":[{"count":0,"href":"http:\/\/aula21.net\/aulablog21\/wp-json\/wp\/v2\/posts\/3595\/revisions"}],"wp:attachment":[{"href":"http:\/\/aula21.net\/aulablog21\/wp-json\/wp\/v2\/media?parent=3595"}],"wp:term":[{"taxonomy":"category","embeddable":true,"href":"http:\/\/aula21.net\/aulablog21\/wp-json\/wp\/v2\/categories?post=3595"},{"taxonomy":"post_tag","embeddable":true,"href":"http:\/\/aula21.net\/aulablog21\/wp-json\/wp\/v2\/tags?post=3595"}],"curies":[{"name":"wp","href":"https:\/\/api.w.org\/{rel}","templated":true}]}}