{"id":3644,"date":"2010-10-15T18:20:56","date_gmt":"2010-10-15T17:20:56","guid":{"rendered":"http:\/\/aula21.net\/aulablog21\/?p=3644"},"modified":"2010-10-15T22:08:13","modified_gmt":"2010-10-15T21:08:13","slug":"hipocresia-2-0","status":"publish","type":"post","link":"http:\/\/aula21.net\/aulablog21\/archives\/2010\/10\/15\/hipocresia-2-0\/","title":{"rendered":"Hipocres\u00eda 2.0"},"content":{"rendered":"<p><!--adsense--><br \/>\nA muchos se les llena la boca con los verbos <strong>CREAR, COMPARTIR, COLABORAR<\/strong> pero se observan muchos comportamientos que a mi modo de ver pueden ser calificados con el t\u00e9rmino <strong>HIPOCRESIA 2.0<\/strong>. Los dos que m\u00e1s me llaman la atenci\u00f3n son los que aparecen en primer lugar en este listado:<\/p>\n<ul>\n<li>Muchas son las veces que al revisar las estad\u00edsticas de aula21 observo enlaces procedentes de plataformas tipo Moodle a las que es imposible acceder como invitado. Hace tiempo propuse una licencia CC que\u00a0expl\u00edcitamente\u00a0no permitiera dicha pr\u00e1ctica.<\/li>\n<li>Muchos son los que publican libros sobre las TIC cobrando dinero por ello y en dichos libros todo es <strong>COMPARTIR<\/strong>, estos se\u00f1ores tambi\u00e9n suelen criticar a las editoriales por cobrar por sus libros aunque no suelen hacer lo mismo con MacDonals por cobrar el Mac Men\u00fa. Otra cosa curiosa es que los que suelen publicar libros titulados \u00abComo usar las TIC en el aula\u00bb nunca han dado clases ni en Primaria ni en Secundaria.<\/li>\n<li>Hay se\u00f1ores y se\u00f1oras que abren un blog y se dedican a copiar impunemente contenidos de los dem\u00e1s sin citar autor\u00eda, seguro que algunos son incluso ponentes en cursos de formaci\u00f3n.<br \/>\nUn caso sangrante recientemente ocurrido: alguien cuenta lo que es educ@contic y se marca un ISSN, ver de la p\u00e1g 84 a la 87 de este\u00a0<a href=\"http:\/\/www.csi-csif.es\/andalucia\/modules\/mod_sevilla\/revista%20i+e\/2010\/febrero\/TEXTOS_IMASE_60_FEBRERO_2010_05.pdf\" target=\"_blank\">documento<\/a>,\u00a0se trata de la revista de un sindicato andaluz. \u00a0A ese se\u00f1or le dan puntos en un concurso de traslados por copiar y a mi por llevar 9 a\u00f1os con aula21 por ejemplo CERO puntos,\u00bfde risa o de llanto?<\/li>\n<li>Si Potachov cobrara un Euro por<a href=\"http:\/\/www.flickr.com\/photos\/nestoralonso\/\" target=\"_blank\"> cada dibujo<\/a> suyo que se ha usado sin ser convenientemente citado se podr\u00eda retirar<\/li>\n<li>Recientemente \u00a0denunci\u00e9 que <a href=\"http:\/\/aula21.net\/aulablog21\/archives\/2010\/08\/26\/lo-que-no-se-debe-hacer\/\" target=\"_blank\">aulablog21 hab\u00eda sido clonado<\/a> y no s\u00e9 si conoc\u00e9is esta<a href=\"http:\/\/www.educatics.com\/\" target=\"_blank\"> clonaci\u00f3n de educ@contic<\/a>. No es la \u00fanica <a href=\"http:\/\/informandoperu.blogspot.com\/2010\/10\/actividades-tic-para-trabajar-la-poesia.html\" target=\"_blank\">aqu\u00ed hay otra<\/a>, en el\u00a0perfil\u00a0del chorizo 2.0 pone que es egresado de la E.A.P. de Educaci\u00f3n de la Facultad de Educaci\u00f3n de la UNMSM, creo que en lugar de <strong>egresado<\/strong> deber\u00eda poner <strong>\u00abESPABILAO 2.0<\/strong>\u00ab<\/li>\n<\/ul>\n<p>Me gustar\u00eda que entre todos y a trav\u00e9s de los comentarios complet\u00e1ramos el listado.<br \/>\nDe todos modos el que est\u00e9 libre de pecado que tire la primera piedra, pero algunos comportamientos tiene m\u00e1s delito que otros.<br \/>\nNo quiero dejar de recordar que cuando no exist\u00eda la denominada web 2.0 hab\u00eda mucha gente que<strong> creaba, colaboraba y compart\u00eda<\/strong>, la puesta en pr\u00e1ctica de dichos verbos no se debe a la tecnolog\u00eda, se trata de \u00a0una actitud, una forma de entender la Red \u00a0y hasta la vida. Las herramientas de la web 2.0 simplemente facilitan la puesta en pr\u00e1ctica de dicha actitud y han logrado que sea imitada por un gran n\u00famero de personas que hasta la fecha carec\u00edan de conocimientos t\u00e9cnicos para hacerlo.<\/p>\n<p>Asimismo la facilidad de dichas herramientas ha provocado la aparici\u00f3n de los CHORIZOS 2.0, son los que antes eran chorizos 1.0 que se han modernizado, entre todos debemos desenmascararlos y echarlos de Internet.<br \/>\nGracias por tu colaboraci\u00f3n.<\/p>\n","protected":false},"excerpt":{"rendered":"<p>A muchos se les llena la boca con los verbos CREAR, COMPARTIR, COLABORAR pero se observan muchos comportamientos que a mi modo de ver pueden ser calificados con el t\u00e9rmino HIPOCRESIA 2.0. Los dos que m\u00e1s me llaman la atenci\u00f3n son los que aparecen en primer lugar en este listado: Muchas son las veces que [&hellip;]<\/p>\n","protected":false},"author":1,"featured_media":0,"comment_status":"open","ping_status":"open","sticky":false,"template":"","format":"standard","meta":{"footnotes":""},"categories":[1],"tags":[],"class_list":["post-3644","post","type-post","status-publish","format-standard","hentry","category-miscelanea"],"_links":{"self":[{"href":"http:\/\/aula21.net\/aulablog21\/wp-json\/wp\/v2\/posts\/3644","targetHints":{"allow":["GET"]}}],"collection":[{"href":"http:\/\/aula21.net\/aulablog21\/wp-json\/wp\/v2\/posts"}],"about":[{"href":"http:\/\/aula21.net\/aulablog21\/wp-json\/wp\/v2\/types\/post"}],"author":[{"embeddable":true,"href":"http:\/\/aula21.net\/aulablog21\/wp-json\/wp\/v2\/users\/1"}],"replies":[{"embeddable":true,"href":"http:\/\/aula21.net\/aulablog21\/wp-json\/wp\/v2\/comments?post=3644"}],"version-history":[{"count":0,"href":"http:\/\/aula21.net\/aulablog21\/wp-json\/wp\/v2\/posts\/3644\/revisions"}],"wp:attachment":[{"href":"http:\/\/aula21.net\/aulablog21\/wp-json\/wp\/v2\/media?parent=3644"}],"wp:term":[{"taxonomy":"category","embeddable":true,"href":"http:\/\/aula21.net\/aulablog21\/wp-json\/wp\/v2\/categories?post=3644"},{"taxonomy":"post_tag","embeddable":true,"href":"http:\/\/aula21.net\/aulablog21\/wp-json\/wp\/v2\/tags?post=3644"}],"curies":[{"name":"wp","href":"https:\/\/api.w.org\/{rel}","templated":true}]}}