{"id":3678,"date":"2010-10-16T10:22:03","date_gmt":"2010-10-16T09:22:03","guid":{"rendered":"http:\/\/aula21.net\/aulablog21\/?p=3678"},"modified":"2010-10-16T10:24:39","modified_gmt":"2010-10-16T09:24:39","slug":"y-que-facebook-muchos-mas","status":"publish","type":"post","link":"http:\/\/aula21.net\/aulablog21\/archives\/2010\/10\/16\/y-que-facebook-muchos-mas\/","title":{"rendered":"Y que Facebook muchos m\u00e1s"},"content":{"rendered":"<p>No soy un usuario habitual de Facebook pero hoy a trav\u00e9s de su muro muchas personas me han hecho llegar su deseo de felicidad por ser mi 48 cumplea\u00f1os.<\/p>\n<p>Hasta hace unos a\u00f1os, aparte de mi familia, \u00fanicamente me felicitaba por correo postal El Corte Ingl\u00e9s, que ya ha perdido tan bonita costumbre y mi \u00f3ptico que con esto de la crisis tampoco lo ha hecho este a\u00f1o.<\/p>\n<p>Mi vida tiene dos periodos claramente diferenciados, hasta el a\u00f1o 2001 sin presencia en Internet y desde el 2001 que pongo en marcha aula21.net, ninguno es mejor que otro pero son muy distintos.<br \/>\nNo se trata de enrollarme, se trata simplemente de compartir mis sentimientos, de deciros que hace 48 a\u00f1os me pari\u00f3 la mujer m\u00e1s maravillosa que he conocido y que alg\u00fan d\u00eda he de reencontrarme con ella.<\/p>\n<p>Lo voy a disfrutar con otras dos mujeres que marcan mi vida, Carmen y Mercedes.<\/p>\n<p style=\"text-align: center;\"><a href=\"http:\/\/www.facebook.com\/profile.php?id=653102436\" target=\"_blank\"><img loading=\"lazy\" decoding=\"async\" class=\"aligncenter size-full wp-image-3680\" title=\"Imagen 2\" src=\"http:\/\/aula21.net\/aulablog21\/wp-content\/uploads\/2010\/10\/Imagen-2.png\" alt=\"Imagen 2\" width=\"482\" height=\"134\" srcset=\"http:\/\/aula21.net\/aulablog21\/wp-content\/uploads\/2010\/10\/Imagen-2.png 754w, http:\/\/aula21.net\/aulablog21\/wp-content\/uploads\/2010\/10\/Imagen-2-300x83.png 300w\" sizes=\"auto, (max-width: 482px) 100vw, 482px\" \/><\/a><\/p>\n","protected":false},"excerpt":{"rendered":"<p>No soy un usuario habitual de Facebook pero hoy a trav\u00e9s de su muro muchas personas me han hecho llegar su deseo de felicidad por ser mi 48 cumplea\u00f1os. Hasta hace unos a\u00f1os, aparte de mi familia, \u00fanicamente me felicitaba por correo postal El Corte Ingl\u00e9s, que ya ha perdido tan bonita costumbre y mi [&hellip;]<\/p>\n","protected":false},"author":1,"featured_media":0,"comment_status":"open","ping_status":"open","sticky":false,"template":"","format":"standard","meta":{"footnotes":""},"categories":[7],"tags":[],"class_list":["post-3678","post","type-post","status-publish","format-standard","hentry","category-personal"],"_links":{"self":[{"href":"http:\/\/aula21.net\/aulablog21\/wp-json\/wp\/v2\/posts\/3678","targetHints":{"allow":["GET"]}}],"collection":[{"href":"http:\/\/aula21.net\/aulablog21\/wp-json\/wp\/v2\/posts"}],"about":[{"href":"http:\/\/aula21.net\/aulablog21\/wp-json\/wp\/v2\/types\/post"}],"author":[{"embeddable":true,"href":"http:\/\/aula21.net\/aulablog21\/wp-json\/wp\/v2\/users\/1"}],"replies":[{"embeddable":true,"href":"http:\/\/aula21.net\/aulablog21\/wp-json\/wp\/v2\/comments?post=3678"}],"version-history":[{"count":0,"href":"http:\/\/aula21.net\/aulablog21\/wp-json\/wp\/v2\/posts\/3678\/revisions"}],"wp:attachment":[{"href":"http:\/\/aula21.net\/aulablog21\/wp-json\/wp\/v2\/media?parent=3678"}],"wp:term":[{"taxonomy":"category","embeddable":true,"href":"http:\/\/aula21.net\/aulablog21\/wp-json\/wp\/v2\/categories?post=3678"},{"taxonomy":"post_tag","embeddable":true,"href":"http:\/\/aula21.net\/aulablog21\/wp-json\/wp\/v2\/tags?post=3678"}],"curies":[{"name":"wp","href":"https:\/\/api.w.org\/{rel}","templated":true}]}}