{"id":3703,"date":"2010-10-25T10:31:40","date_gmt":"2010-10-25T09:31:40","guid":{"rendered":"http:\/\/aula21.net\/aulablog21\/?p=3703"},"modified":"2010-10-26T20:55:07","modified_gmt":"2010-10-26T19:55:07","slug":"de-vuelta-a-casa-del-congreso-escuela-2-0","status":"publish","type":"post","link":"http:\/\/aula21.net\/aulablog21\/archives\/2010\/10\/25\/de-vuelta-a-casa-del-congreso-escuela-2-0\/","title":{"rendered":"De vuelta a casa del Congreso Escuela 2.0"},"content":{"rendered":"<p><!--adsense--><br \/>\nAyer sobre la 17 h regres\u00e9 de Madrid donde he participado viernes y s\u00e1bado en el \u00a0<a href=\"http:\/\/www.ite.educacion.es\/escuela20\/index.php\/es\/programa-del-congreso\" target=\"_blank\">Primer Congreso Escuela 2.0<\/a>.<\/p>\n<p>Tir\u00e9 algunas fotos que he publicado en Picasa a modo de \u00e1lbum.<br \/>\n<object classid=\"clsid:d27cdb6e-ae6d-11cf-96b8-444553540000\" width=\"400\" height=\"267\" codebase=\"http:\/\/download.macromedia.com\/pub\/shockwave\/cabs\/flash\/swflash.cab#version=6,0,40,0\"><param name=\"flashvars\" value=\"host=picasaweb.google.com&amp;captions=1&amp;hl=es&amp;feat=flashalbum&amp;RGB=0x000000&amp;feed=http%3A%2F%2Fpicasaweb.google.com%2Fdata%2Ffeed%2Fapi%2Fuser%2Faula21%2Falbumid%2F5531629928721382001%3Falt%3Drss%26kind%3Dphoto%26hl%3Des\" \/><param name=\"src\" value=\"http:\/\/picasaweb.google.com\/s\/c\/bin\/slideshow.swf\" \/><embed type=\"application\/x-shockwave-flash\" width=\"400\" height=\"267\" src=\"http:\/\/picasaweb.google.com\/s\/c\/bin\/slideshow.swf\" flashvars=\"host=picasaweb.google.com&amp;captions=1&amp;hl=es&amp;feat=flashalbum&amp;RGB=0x000000&amp;feed=http%3A%2F%2Fpicasaweb.google.com%2Fdata%2Ffeed%2Fapi%2Fuser%2Faula21%2Falbumid%2F5531629928721382001%3Falt%3Drss%26kind%3Dphoto%26hl%3Des\"><\/embed><\/object><br \/>\nLo primero que hice al regreso fue escribir <a href=\"http:\/\/recursostic.educacion.es\/blogs\/buenaspracticas20\/index.php\/2010\/10\/24\/cronica-informal-del-primer-congreso-escuela-2\" target=\"_blank\">una cr\u00f3nica del mismo en el Blog de Buenas Pr\u00e1cTICas <\/a>del ITE a la que os remito.<\/p>\n<p><a href=\"http:\/\/recursostic.educacion.es\/blogs\/buenaspracticas20\/index.php\/2010\/10\/24\/cronica-informal-del-primer-congreso-escuela-2\" target=\"_blank\"><img loading=\"lazy\" decoding=\"async\" class=\"aligncenter size-full wp-image-3709\" title=\"presenbp20\" src=\"http:\/\/aula21.net\/aulablog21\/wp-content\/uploads\/2010\/10\/presenbp20.png\" alt=\"presenbp20\" width=\"429\" height=\"351\" srcset=\"http:\/\/aula21.net\/aulablog21\/wp-content\/uploads\/2010\/10\/presenbp20.png 429w, http:\/\/aula21.net\/aulablog21\/wp-content\/uploads\/2010\/10\/presenbp20-300x245.png 300w\" sizes=\"auto, (max-width: 429px) 100vw, 429px\" \/><\/a><\/p>\n<p>He pasado unos d\u00edas deliciosos en compa\u00f1\u00eda de muchos amigos ya conocidos y de otros nuevos.<\/p>\n<p>La clausura fue a cargo del Ministro de Educaci\u00f3n D. \u00c1ngel Gabilondo, para el recuerdo traigo una foto junto a \u00e9l y algunos de los miembros de la Red Buenas Pr\u00e1cTICas del ITE.<\/p>\n<table style=\"width: auto;\" border=\"0\">\n<tbody>\n<tr>\n<td><a href=\"http:\/\/picasaweb.google.com\/lh\/photo\/QzBvngl6fgki-WIX3-9HPA?feat=embedwebsite\"><img loading=\"lazy\" decoding=\"async\" src=\"http:\/\/lh4.ggpht.com\/_DqAcsHT9hWM\/TMRQELj7W3I\/AAAAAAAADyg\/oUniG5yNlZY\/s400\/P1020862.JPG\" alt=\"\" width=\"400\" height=\"300\" \/><\/a><\/td>\n<\/tr>\n<tr>\n<td style=\"font-family:arial,sans-serif; font-size:11px; text-align:right\">De <a href=\"http:\/\/picasaweb.google.com\/aula21\/PrimerCongresoEscuela20MadridOctubre2010?feat=embedwebsite\">Primer Congreso Escuela 2.0. Madrid Octubre 2010<\/a><\/td>\n<\/tr>\n<\/tbody>\n<\/table>\n<p>Tiempo habr\u00e1 \u00a0de ver todo detenidamente<a href=\"http:\/\/www.ite.educacion.es\/escuela20\/index.php\/es\/congreso-en-directo\" target=\"_blank\"> en la web del Congreso <\/a>y de sacar conclusiones. A ello puede ayudar mucho el chat que sobre el Congreso habr\u00e1<a href=\"http:\/\/internetaula.ning.com\/events\/event\/show?id=2016246%3AEvent%3A125824&amp;xgi=1jWjbqyzIn0cIS&amp;xg_source=msg_invite_event\" target=\"_blank\"> el pr\u00f3ximo jueves en la Red Social del ITE<\/a> al que est\u00e1s invitado a participar. Contar\u00e1 con la presencia de Ismail Ali Gago\u00a0(Jefe de \u00c1rea de Formaci\u00f3n del Profesorado y portal ITE).<\/p>\n<p style=\"text-align: center;\"><a href=\"http:\/\/internetaula.ning.com\/events\/event\/show?id=2016246%3AEvent%3A125824&amp;xgi=1jWjbqyzIn0cIS&amp;xg_source=msg_invite_event\" target=\"_blank\"><img loading=\"lazy\" decoding=\"async\" class=\"aligncenter size-medium wp-image-3706\" style=\"border: 1px solid black;\" title=\"chatces20\" src=\"http:\/\/aula21.net\/aulablog21\/wp-content\/uploads\/2010\/10\/chatces20-300x152.png\" alt=\"chatces20\" width=\"300\" height=\"152\" srcset=\"http:\/\/aula21.net\/aulablog21\/wp-content\/uploads\/2010\/10\/chatces20-300x152.png 300w, http:\/\/aula21.net\/aulablog21\/wp-content\/uploads\/2010\/10\/chatces20.png 766w\" sizes=\"auto, (max-width: 300px) 100vw, 300px\" \/><\/a><\/p>\n","protected":false},"excerpt":{"rendered":"<p>Ayer sobre la 17 h regres\u00e9 de Madrid donde he participado viernes y s\u00e1bado en el \u00a0Primer Congreso Escuela 2.0. Tir\u00e9 algunas fotos que he publicado en Picasa a modo de \u00e1lbum. Lo primero que hice al regreso fue escribir una cr\u00f3nica del mismo en el Blog de Buenas Pr\u00e1cTICas del ITE a la que [&hellip;]<\/p>\n","protected":false},"author":1,"featured_media":0,"comment_status":"open","ping_status":"open","sticky":false,"template":"","format":"standard","meta":{"footnotes":""},"categories":[17,19,25,38,7,18,28],"tags":[],"class_list":["post-3703","post","type-post","status-publish","format-standard","hentry","category-articulos","category-educacion","category-eventos","category-formacion","category-personal","category-tic","category-web20"],"_links":{"self":[{"href":"http:\/\/aula21.net\/aulablog21\/wp-json\/wp\/v2\/posts\/3703","targetHints":{"allow":["GET"]}}],"collection":[{"href":"http:\/\/aula21.net\/aulablog21\/wp-json\/wp\/v2\/posts"}],"about":[{"href":"http:\/\/aula21.net\/aulablog21\/wp-json\/wp\/v2\/types\/post"}],"author":[{"embeddable":true,"href":"http:\/\/aula21.net\/aulablog21\/wp-json\/wp\/v2\/users\/1"}],"replies":[{"embeddable":true,"href":"http:\/\/aula21.net\/aulablog21\/wp-json\/wp\/v2\/comments?post=3703"}],"version-history":[{"count":0,"href":"http:\/\/aula21.net\/aulablog21\/wp-json\/wp\/v2\/posts\/3703\/revisions"}],"wp:attachment":[{"href":"http:\/\/aula21.net\/aulablog21\/wp-json\/wp\/v2\/media?parent=3703"}],"wp:term":[{"taxonomy":"category","embeddable":true,"href":"http:\/\/aula21.net\/aulablog21\/wp-json\/wp\/v2\/categories?post=3703"},{"taxonomy":"post_tag","embeddable":true,"href":"http:\/\/aula21.net\/aulablog21\/wp-json\/wp\/v2\/tags?post=3703"}],"curies":[{"name":"wp","href":"https:\/\/api.w.org\/{rel}","templated":true}]}}