{"id":373,"date":"2005-05-27T20:10:42","date_gmt":"2005-05-27T19:10:42","guid":{"rendered":"http:\/\/127.0.0.1\/wordpress2\/index.php\/archives\/2005\/05\/27\/entrevista-a-jordi-adell\/"},"modified":"2005-05-27T23:01:42","modified_gmt":"2005-05-27T22:01:42","slug":"entrevista-a-jordi-adell","status":"publish","type":"post","link":"http:\/\/aula21.net\/aulablog21\/archives\/2005\/05\/27\/entrevista-a-jordi-adell\/","title":{"rendered":"Entrevista a Jordi Adell"},"content":{"rendered":"<p>Gracias a mi amiga <a href=\"http:\/\/www.xtec.es\/~cbarba1\/\">Carmen Barba<\/a>\u00a0una de las principales expertas e impulsoras de las WebQuests en nuestro pa\u00eds he podido leer en formato pdf una entrevista a mi admirado <a href=\"http:\/\/nti.uji.es\/~jordi\/\">Jordi Adell<\/a> aparecida en el diario &quot;Granada Hoy&quot;, dado que este diario\u00a0no posee p\u00e1gina web he dedidido pasar al blog el contenido de la entrevista pues merece la pena su lectura:<\/p>\n<p align=\"center\"><strong>\u201cLas nuevas tecnolog\u00edas no van a hacer magia \u201d<\/strong><\/p>\n<p>Jordi Adell Segura. Profesor de la Universidad Jaume I de Castell\u00f3n , precursor de la escuela del futuro y del desarrollo tecnol\u00f3gico en las aulas.<br \/>El profesor Jordi Adell visit\u00f3 ayer Granada para participar en las Jornadas Internacionales sobre la Integraci\u00f3n de las Nuevas Tecnolog\u00edas en el Proceso de Ense\u00f1anza. Firme y convencido, asegur\u00f3 que nunca un ordenador sustituir\u00e1 a un buen pedagogo aunque bien usado ser\u00e1 la herramienta que revolucione el sistema educativo.<\/p>\n<p>\u00a0\u2013<strong>Parece que en los \u00faltimos a\u00f1os hay una desaforada carrera por informatizar los centros educativos. \u00bfEs una garant\u00eda la aplicaci\u00f3n de las nuevas tecnolog\u00edas para mejorar el proceso de aprendizaje?<\/strong><br \/>\u2013Las nuevas tecnolog\u00edas por s\u00ed mismas no har\u00e1n nada porque no son m\u00e1gicas, pueden ser herramientas excelentes en manos del profesor para llegar incluso a revolucionar la ense\u00f1anza pero tambi\u00e9n se corre el riesgo de que el docente las convierta en una mera an\u00e9cdota.De hecho siguen existiendo grandes bolsas de fracaso escolar.<br \/>Por mucha tecnolog\u00eda que haya a su disposici\u00f3n aprender siempre supone un esfuerzo,si el estudiante no lo hace porque entiende que no vale la pena hacerlo habr\u00e1 fracasado en la escuela.<br \/>La introducci\u00f3n de las nuevas tecnolog\u00edas en las aulas es una carrera de obst\u00e1culos. El primero son los medios (hay que dotar a los centros de ordenadores) luego hay que formar a los profesores,incentivarlos&#8230;<br \/>Si se conjugan todos estos factores pueden llegar a ser una herramienta muy \u00fatil.<br \/><strong>\u2013\u00bfC\u00f3mo afrontan los profesores este cambio tan radical?<\/strong><br \/>Es un proceso complicado, para ellos es un cambio muy complicado en muy poco tiempo. Imag\u00ednese el salto que supone pasar de trabajar con un libro de texto, en el que est\u00e1 todo lo que tienes que ense\u00f1ar, a trabajar sin libros con una conexi\u00f3n a internet que puede ser vista como un caos si no est\u00e1 claro qu\u00e9 tienes que ense\u00f1ar y qu\u00e9 tienen que saber los alumnos.<br \/><strong>\u2013\u00bfSe imagina la escuela del futuro?<\/strong><br \/>Hay algunos indicios que nos hacen intuir hacia d\u00f3nde vamos. Los centros han cambiado en los \u00faltimos diez a\u00f1os m\u00e1s que en toda su historia y los pr\u00f3ximos 10 a\u00f1os todav\u00eda ser\u00e1n m\u00e1s interesantes.Tendemos hacia amplias comunidades de aprendizaje. Con las nuevas tecnolog\u00edas es posible que el aprendizaje se naturalice m\u00e1s,que haya m\u00e1s comunicaci\u00f3n y que todo el mundo tenga algo que aprender y algo que ense\u00f1ar.<\/p>\n<p><\/p>\n","protected":false},"excerpt":{"rendered":"<p>Gracias a mi amiga Carmen Barba\u00a0una de las principales expertas e impulsoras de las WebQuests en nuestro pa\u00eds he podido leer en formato pdf una entrevista a mi admirado Jordi Adell aparecida en el diario &quot;Granada Hoy&quot;, dado que este diario\u00a0no posee p\u00e1gina web he dedidido pasar al blog el contenido de la entrevista pues [&hellip;]<\/p>\n","protected":false},"author":1,"featured_media":0,"comment_status":"open","ping_status":"open","sticky":false,"template":"","format":"standard","meta":{"footnotes":""},"categories":[8,1],"tags":[],"class_list":["post-373","post","type-post","status-publish","format-standard","hentry","category-educacion_e_internet","category-miscelanea"],"_links":{"self":[{"href":"http:\/\/aula21.net\/aulablog21\/wp-json\/wp\/v2\/posts\/373","targetHints":{"allow":["GET"]}}],"collection":[{"href":"http:\/\/aula21.net\/aulablog21\/wp-json\/wp\/v2\/posts"}],"about":[{"href":"http:\/\/aula21.net\/aulablog21\/wp-json\/wp\/v2\/types\/post"}],"author":[{"embeddable":true,"href":"http:\/\/aula21.net\/aulablog21\/wp-json\/wp\/v2\/users\/1"}],"replies":[{"embeddable":true,"href":"http:\/\/aula21.net\/aulablog21\/wp-json\/wp\/v2\/comments?post=373"}],"version-history":[{"count":0,"href":"http:\/\/aula21.net\/aulablog21\/wp-json\/wp\/v2\/posts\/373\/revisions"}],"wp:attachment":[{"href":"http:\/\/aula21.net\/aulablog21\/wp-json\/wp\/v2\/media?parent=373"}],"wp:term":[{"taxonomy":"category","embeddable":true,"href":"http:\/\/aula21.net\/aulablog21\/wp-json\/wp\/v2\/categories?post=373"},{"taxonomy":"post_tag","embeddable":true,"href":"http:\/\/aula21.net\/aulablog21\/wp-json\/wp\/v2\/tags?post=373"}],"curies":[{"name":"wp","href":"https:\/\/api.w.org\/{rel}","templated":true}]}}