{"id":3804,"date":"2010-11-03T22:43:32","date_gmt":"2010-11-03T21:43:32","guid":{"rendered":"http:\/\/aula21.net\/aulablog21\/?p=3804"},"modified":"2010-11-04T19:22:06","modified_gmt":"2010-11-04T18:22:06","slug":"publicado-el-programa-de-arsenio-munoz-de-la-pena-candidato-a-rector-de-la-universidad-de-extremadura","status":"publish","type":"post","link":"http:\/\/aula21.net\/aulablog21\/archives\/2010\/11\/03\/publicado-el-programa-de-arsenio-munoz-de-la-pena-candidato-a-rector-de-la-universidad-de-extremadura\/","title":{"rendered":"Programa de Arsenio Mu\u00f1oz de la Pe\u00f1a candidato a Rector de la UEx"},"content":{"rendered":"<p>Hoy ha sido publicado en su blog <a href=\"http:\/\/www.arsenio2010.com\/p\/programa-electoral.html\">el Programa Electoral de Arsenio Mu\u00f1oz de la Pe\u00f1a <\/a>, candidato a Rector de la Universidad de Extremadura. Las eleccciones tendr\u00e1n lugar el pr\u00f3ximo d\u00eda 1 de diciembre.<br \/>\nLo m\u00ednimo que pod\u00eda hacer como hermano que soy es ejercer de Webmaster <a href=\"http:\/\/www.arsenio2010.com\/\">de su blog<\/a> cosa que gustosamente he hecho.<\/p>\n<p>En estos d\u00eda se habla mucho de Universidad 2.0 y Arsenio ha apostado fuerte por usar las herramientas de la web 2.0 para dar a conocer sus ideas de mejora y cambio de la Universidad Extreme\u00f1a.<br \/>\nTodos los miembros de la comunidad educativa est\u00e1n invitados a realizar sugerencias y debatir el programa.<\/p>\n<p><a href=\"http:\/\/www.arsenio2010.com\/2010\/11\/programa-electoral-elecciones-uex-2010.html\" target=\"_blank\"><img loading=\"lazy\" decoding=\"async\" class=\"aligncenter size-full wp-image-3805\" title=\"Imagen 1\" src=\"http:\/\/aula21.net\/aulablog21\/wp-content\/uploads\/2010\/11\/Imagen-11.png\" alt=\"Imagen 1\" width=\"439\" height=\"407\" srcset=\"http:\/\/aula21.net\/aulablog21\/wp-content\/uploads\/2010\/11\/Imagen-11.png 439w, http:\/\/aula21.net\/aulablog21\/wp-content\/uploads\/2010\/11\/Imagen-11-300x278.png 300w\" sizes=\"auto, (max-width: 439px) 100vw, 439px\" \/><\/a><\/p>\n","protected":false},"excerpt":{"rendered":"<p>Hoy ha sido publicado en su blog el Programa Electoral de Arsenio Mu\u00f1oz de la Pe\u00f1a , candidato a Rector de la Universidad de Extremadura. Las eleccciones tendr\u00e1n lugar el pr\u00f3ximo d\u00eda 1 de diciembre. Lo m\u00ednimo que pod\u00eda hacer como hermano que soy es ejercer de Webmaster de su blog cosa que gustosamente he [&hellip;]<\/p>\n","protected":false},"author":1,"featured_media":0,"comment_status":"open","ping_status":"open","sticky":false,"template":"","format":"standard","meta":{"footnotes":""},"categories":[17,37,19,7,23],"tags":[],"class_list":["post-3804","post","type-post","status-publish","format-standard","hentry","category-articulos","category-colaboraciones","category-educacion","category-personal","category-sociedad"],"_links":{"self":[{"href":"http:\/\/aula21.net\/aulablog21\/wp-json\/wp\/v2\/posts\/3804","targetHints":{"allow":["GET"]}}],"collection":[{"href":"http:\/\/aula21.net\/aulablog21\/wp-json\/wp\/v2\/posts"}],"about":[{"href":"http:\/\/aula21.net\/aulablog21\/wp-json\/wp\/v2\/types\/post"}],"author":[{"embeddable":true,"href":"http:\/\/aula21.net\/aulablog21\/wp-json\/wp\/v2\/users\/1"}],"replies":[{"embeddable":true,"href":"http:\/\/aula21.net\/aulablog21\/wp-json\/wp\/v2\/comments?post=3804"}],"version-history":[{"count":0,"href":"http:\/\/aula21.net\/aulablog21\/wp-json\/wp\/v2\/posts\/3804\/revisions"}],"wp:attachment":[{"href":"http:\/\/aula21.net\/aulablog21\/wp-json\/wp\/v2\/media?parent=3804"}],"wp:term":[{"taxonomy":"category","embeddable":true,"href":"http:\/\/aula21.net\/aulablog21\/wp-json\/wp\/v2\/categories?post=3804"},{"taxonomy":"post_tag","embeddable":true,"href":"http:\/\/aula21.net\/aulablog21\/wp-json\/wp\/v2\/tags?post=3804"}],"curies":[{"name":"wp","href":"https:\/\/api.w.org\/{rel}","templated":true}]}}