{"id":3865,"date":"2010-11-16T19:34:21","date_gmt":"2010-11-16T18:34:21","guid":{"rendered":"http:\/\/aula21.net\/aulablog21\/?p=3865"},"modified":"2010-11-19T19:23:40","modified_gmt":"2010-11-19T18:23:40","slug":"el-quijote-2-0-construyendo-el-quijote-mas-grande-de-la-historia","status":"publish","type":"post","link":"http:\/\/aula21.net\/aulablog21\/archives\/2010\/11\/16\/el-quijote-2-0-construyendo-el-quijote-mas-grande-de-la-historia\/","title":{"rendered":"El Quijote 2.0, construyendo El Quijote m\u00e1s grande de la historia"},"content":{"rendered":"<p><!--adsense--><br \/>\nLa Real Academia Espa\u00f1ola y Google Espa\u00f1a han puesto en marcha \u00a0la primera lectura global del Quijote para la grabaci\u00f3n de un v\u00eddeo\u00a0que ser\u00e1 colgado en You Tube cuando haya concluido. En la iniciativa puede colaborar cualquier usuario de\u00a0<a href=\"http:\/\/www.youtube.com\/elquijote\">youtube<\/a> mayor de 14 a\u00f1os, \u00a0el \u00fanico requisito es que la locuci\u00f3n se haga en espa\u00f1ol.<\/p>\n<p style=\"text-align: center;\"><img loading=\"lazy\" decoding=\"async\" class=\"size-medium wp-image-3866   aligncenter\" title=\"Imagen 1\" src=\"http:\/\/aula21.net\/aulablog21\/wp-content\/uploads\/2010\/11\/Imagen-15-300x188.png\" alt=\"Imagen 1\" width=\"300\" height=\"188\" \/><\/p>\n<p style=\"margin-top: 0px; margin-right: 0px; margin-bottom: 0.4em; margin-left: 0px; line-height: 1.5em; font-size: 1em; position: static !important; padding: 0px;\">Aquellos que quieran participar en la lectura deber\u00e1n entrar en la p\u00e1gina\u00a0<a href=\"http:\/\/www.youtube.com\/elquijote\" target=\"_blank\">www.youtube.com\/elquijote<\/a> y hacer clic en \u00abparticipar\u00bb. <\/p>\n<p Autom\u00e1ticamente se asignar\u00e1 un fragmento de la obra que debe leerse y el participante dispondr\u00e1 de 6 horas para preparar y enviar un video con su lectura. Si pasado ese tiempo no se cuelga la grabaci\u00f3n, el texto se adjudicar\u00e1 a otro usuario. La supervisi\u00f3n de los v\u00eddeos seleccionados estar\u00e1 a cargo del Centro de Estudios Cervantinos , con sede en Alcal\u00e1 de Henares.<\/p>\n<p><object classid=\"clsid:d27cdb6e-ae6d-11cf-96b8-444553540000\" width=\"460\" height=\"340\" codebase=\"http:\/\/download.macromedia.com\/pub\/shockwave\/cabs\/flash\/swflash.cab#version=6,0,40,0\"><param name=\"allowFullScreen\" value=\"true\" \/><param name=\"allowscriptaccess\" value=\"always\" \/><param name=\"src\" value=\"http:\/\/www.youtube.com\/v\/jOlATOLpt90?fs=1&amp;hl=es_ES&amp;rel=0&amp;color1=0xcc2550&amp;color2=0xe87a9f\" \/><param name=\"allowfullscreen\" value=\"true\" \/><embed type=\"application\/x-shockwave-flash\" width=\"460\" height=\"340\" src=\"http:\/\/www.youtube.com\/v\/jOlATOLpt90?fs=1&amp;hl=es_ES&amp;rel=0&amp;color1=0xcc2550&amp;color2=0xe87a9f\" allowscriptaccess=\"always\" allowfullscreen=\"true\"><\/embed><\/object><\/p>\n<p style=\"margin-top: 0px; margin-right: 0px; margin-bottom: 0.4em; margin-left: 0px; line-height: 1.5em; font-size: 1em; position: static !important; padding: 0px;\">\n<p>La obra se ha dividido la obra en 2.149 fragmentos. El plazo para participar comenz\u00f3 el pasado 30 de septiembre y permanecer\u00e1 abierto hasta encontrar los 2149 lectores.<br \/>\nUna oportunidad \u00fanica para que junto a tus alumnos participes en algo realmente hermoso e hist\u00f3rico.<br \/>\nCon esta lectura global se pretende aumentar la presencia cultural de la lengua espa\u00f1ola en Internet y reflejar los distintos acentos y registros del mundo hispanohablante. La obra se ha dividido la obra en 2.149 fragmentos. El plazo para participar comenz\u00f3 el pasado 30 de septiembre y permanecer\u00e1 abierto hasta encontrar los 2149 lectores.<br \/>\nUna oportunidad \u00fanica para que junto a tus alumnos participes en algo realmente hermoso e hist\u00f3rico.<br \/>\nCon esta lectura global se pretende aumentar la presencia cultural de la lengua espa\u00f1ola en Internet y reflejar los distintos acentos y registros del mundo hispanohablante.<\/p>\n","protected":false},"excerpt":{"rendered":"<p>La Real Academia Espa\u00f1ola y Google Espa\u00f1a han puesto en marcha \u00a0la primera lectura global del Quijote para la grabaci\u00f3n de un v\u00eddeo\u00a0que ser\u00e1 colgado en You Tube cuando haya concluido. En la iniciativa puede colaborar cualquier usuario de\u00a0youtube mayor de 14 a\u00f1os, \u00a0el \u00fanico requisito es que la locuci\u00f3n se haga en espa\u00f1ol. Aquellos [&hellip;]<\/p>\n","protected":false},"author":1,"featured_media":0,"comment_status":"open","ping_status":"open","sticky":false,"template":"","format":"standard","meta":{"footnotes":""},"categories":[8,1,20,28],"tags":[],"class_list":["post-3865","post","type-post","status-publish","format-standard","hentry","category-educacion_e_internet","category-miscelanea","category-video","category-web20"],"_links":{"self":[{"href":"http:\/\/aula21.net\/aulablog21\/wp-json\/wp\/v2\/posts\/3865","targetHints":{"allow":["GET"]}}],"collection":[{"href":"http:\/\/aula21.net\/aulablog21\/wp-json\/wp\/v2\/posts"}],"about":[{"href":"http:\/\/aula21.net\/aulablog21\/wp-json\/wp\/v2\/types\/post"}],"author":[{"embeddable":true,"href":"http:\/\/aula21.net\/aulablog21\/wp-json\/wp\/v2\/users\/1"}],"replies":[{"embeddable":true,"href":"http:\/\/aula21.net\/aulablog21\/wp-json\/wp\/v2\/comments?post=3865"}],"version-history":[{"count":0,"href":"http:\/\/aula21.net\/aulablog21\/wp-json\/wp\/v2\/posts\/3865\/revisions"}],"wp:attachment":[{"href":"http:\/\/aula21.net\/aulablog21\/wp-json\/wp\/v2\/media?parent=3865"}],"wp:term":[{"taxonomy":"category","embeddable":true,"href":"http:\/\/aula21.net\/aulablog21\/wp-json\/wp\/v2\/categories?post=3865"},{"taxonomy":"post_tag","embeddable":true,"href":"http:\/\/aula21.net\/aulablog21\/wp-json\/wp\/v2\/tags?post=3865"}],"curies":[{"name":"wp","href":"https:\/\/api.w.org\/{rel}","templated":true}]}}