{"id":3877,"date":"2010-11-19T19:09:47","date_gmt":"2010-11-19T18:09:47","guid":{"rendered":"http:\/\/aula21.net\/aulablog21\/?p=3877"},"modified":"2010-11-19T19:18:38","modified_gmt":"2010-11-19T18:18:38","slug":"visita-al-ies-santiago-apostol","status":"publish","type":"post","link":"http:\/\/aula21.net\/aulablog21\/archives\/2010\/11\/19\/visita-al-ies-santiago-apostol\/","title":{"rendered":"Visita al IES Santiago Ap\u00f3stol"},"content":{"rendered":"<p><!--adsense--><br \/>\nCon motivo de la Semana de la Ciencia hoy he ido con los alumnos de 3\u00ba y 4\u00ba de Diversificaci\u00f3n a visitar el<a href=\"http:\/\/www.santiagoapostol.net\/?p=3194\" target=\"_blank\"> Ciclo de Laboratorio del IES Santiago Ap\u00f3stol.<\/a><br \/>\nEn Extremadura este interesante ciclo \u00fanicamente se imparte en el citado Instituto.<\/p>\n<p>Las profesoras responsables lo ten\u00edan todo perfectamente organizado y han sido muy cari\u00f1osas, gracias de nuevo.<\/p>\n<p>Sobre la visita he escrito <a href=\"http:\/\/superdiver3.blogspot.com\/2010\/11\/visita-al-ciclo-de-laboratorio-del-ies.html\" target=\"_blank\">una entrada en el blog de aula<\/a> y aqu\u00ed dejar\u00e9 un \u00e1lbum gr\u00e1fico.<\/p>\n<table border=\"0\" cellspacing=\"0\" cellpadding=\"0\" bgcolor=\"#ffffff\">\n<tbody>\n<tr>\n<td><a href=\"http:\/\/smilebox.com\/play\/4d6a41794e7a51784d6a413d0d0a&amp;blogview=true&amp;campaign=blog_playback_link\" target=\"_blank\"><img loading=\"lazy\" decoding=\"async\" style=\"border: medium none ;\" src=\"http:\/\/smilebox.com\/snap\/4d6a41794e7a51784d6a413d0d0a.jpg\" alt=\"Click to play this Smilebox slideshow\" width=\"420\" height=\"330\" \/><\/a><\/td>\n<\/tr>\n<tr>\n<td><a href=\"http:\/\/www.smilebox.com\/?partner=smilebox&amp;campaign=blog_snapshot\" target=\"_blank\"><img loading=\"lazy\" decoding=\"async\" style=\"border: medium none ;\" src=\"http:\/\/www.smilebox.com\/globalImages\/blogInstructions\/blogLogoSmilebox.gif\" alt=\"Create your own slideshow - Powered by Smilebox\" width=\"420\" height=\"46\" \/><\/a><\/td>\n<\/tr>\n<tr>\n<td align=\"center\">Create your own <a href=\"http:\/\/www.smilebox.com\/slideshows\/photoSharing\/\" target=\"_blank\">slideshow<\/a><\/td>\n<\/tr>\n<\/tbody>\n<\/table>\n","protected":false},"excerpt":{"rendered":"<p>Con motivo de la Semana de la Ciencia hoy he ido con los alumnos de 3\u00ba y 4\u00ba de Diversificaci\u00f3n a visitar el Ciclo de Laboratorio del IES Santiago Ap\u00f3stol. En Extremadura este interesante ciclo \u00fanicamente se imparte en el citado Instituto. Las profesoras responsables lo ten\u00edan todo perfectamente organizado y han sido muy cari\u00f1osas, [&hellip;]<\/p>\n","protected":false},"author":1,"featured_media":0,"comment_status":"open","ping_status":"open","sticky":false,"template":"","format":"standard","meta":{"footnotes":""},"categories":[8,25,7],"tags":[],"class_list":["post-3877","post","type-post","status-publish","format-standard","hentry","category-educacion_e_internet","category-eventos","category-personal"],"_links":{"self":[{"href":"http:\/\/aula21.net\/aulablog21\/wp-json\/wp\/v2\/posts\/3877","targetHints":{"allow":["GET"]}}],"collection":[{"href":"http:\/\/aula21.net\/aulablog21\/wp-json\/wp\/v2\/posts"}],"about":[{"href":"http:\/\/aula21.net\/aulablog21\/wp-json\/wp\/v2\/types\/post"}],"author":[{"embeddable":true,"href":"http:\/\/aula21.net\/aulablog21\/wp-json\/wp\/v2\/users\/1"}],"replies":[{"embeddable":true,"href":"http:\/\/aula21.net\/aulablog21\/wp-json\/wp\/v2\/comments?post=3877"}],"version-history":[{"count":0,"href":"http:\/\/aula21.net\/aulablog21\/wp-json\/wp\/v2\/posts\/3877\/revisions"}],"wp:attachment":[{"href":"http:\/\/aula21.net\/aulablog21\/wp-json\/wp\/v2\/media?parent=3877"}],"wp:term":[{"taxonomy":"category","embeddable":true,"href":"http:\/\/aula21.net\/aulablog21\/wp-json\/wp\/v2\/categories?post=3877"},{"taxonomy":"post_tag","embeddable":true,"href":"http:\/\/aula21.net\/aulablog21\/wp-json\/wp\/v2\/tags?post=3877"}],"curies":[{"name":"wp","href":"https:\/\/api.w.org\/{rel}","templated":true}]}}