{"id":388,"date":"2005-06-06T19:06:43","date_gmt":"2005-06-06T18:06:43","guid":{"rendered":"http:\/\/127.0.0.1\/wordpress2\/index.php\/archives\/2005\/06\/06\/yo-mate-a-kennedy\/"},"modified":"2005-06-06T19:09:45","modified_gmt":"2005-06-06T18:09:45","slug":"yo-mate-a-kennedy","status":"publish","type":"post","link":"http:\/\/aula21.net\/aulablog21\/archives\/2005\/06\/06\/yo-mate-a-kennedy\/","title":{"rendered":"Yo mat\u00e9 a Kennedy"},"content":{"rendered":"<p><a href=\"http:\/\/www.elperiodicoextremadura.com\/noticias\/noticia.asp?pkid=177888\" target=\"_blank\">Art\u00edculo <\/a>de la profesora y escritora extreme\u00f1a Pilar Gal\u00e1n publicado en el diario <a href=\"http:\/\/www.elperiodicoextremadura.com\/\" target=\"_blank\">El Peri\u00f3dico Extremadura<\/a>. <\/p>\n<p>En <a href=\"http:\/\/www.20minutos.es\/noticia\/29191\/0\/alumnos\/hostigan\/profesor\/\">esta entrevista al fiscal<\/a>\u00a0de Valencia\u00a0a la pregunta &quot;<strong>Usted sugiri\u00f3 que se pod\u00eda pedir responsabilidad penal o civil a profesores o centros por hacer la vista gorda ante el acoso. \u00bfAlguien lo ha hecho?,<\/strong> el se\u00f1or fiscal repond\u00eda<strong>:&quot;A\u00fan no, pero se puede hacer&quot;<\/strong> y Pilar le responde con este art\u00edculo:<\/p>\n<p \/>\n<blockquote><p>Yo mat\u00e9 a Kennedy , se\u00f1or fiscal de menores de Valencia, por pura rabia. Me acuso, y no me arrepiento de ello. Es mi condici\u00f3n, se\u00f1or fiscal, por eso no puedo arrepentirme. Soy culpable, s\u00ed, de todos los cargos, de todas las miserias de las que se me acusa. No tengo ni idea, eso para empezar y, lo que es peor, ni la tengo ni s\u00e9 ense\u00f1ar lo poco que s\u00e9, que ya es delito. Y no hago nada, y tengo muchas vacaciones y aburro a las piedras, y no me pongo al d\u00eda en todo, ni me reciclo, y no hago excursiones porque me da miedo que pase algo, y eso que vivo mejor que nadie. Es m\u00e1s, me acuso de estar cansada, de creerme que este no es un trabajo cualquiera, sino algo especial, una vocaci\u00f3n hermosa que nos permite pasarnos la ma\u00f1ana con los adultos del futuro. Por eso tambi\u00e9n me acuso de echarle demasiado entusiasmo, a qui\u00e9n se le ocurre, de partirme la cara todos los d\u00edas para transmitir conocimientos que no les interesan y de que me digan que en tres horas a la semana tengo que educar en valores a alumnos que luego est\u00e1n recibiendo informaci\u00f3n en sentido contrario el resto de su vida. As\u00ed que, se\u00f1or fiscal de menores, c\u00f3mo no voy a estar de acuerdo con usted cuando dice que los principales responsables del acoso escolar somos nosotros, los profesores. Faltar\u00eda m\u00e1s. Nosotros que estamos con los alumnos las veinticuatro horas del d\u00eda, desde que se levantan hasta que se acuestan, que vemos con ellos la tele, que jugamos a la videoconsola, que les acompa\u00f1amos al botell\u00f3n, que les negamos la posibilidad de entrar dignamente en el mundo laboral, que les permitimos beber en la calle hasta las tantas, porque en nuestra maldad, que es mucha, no les ofrecemos otra posibilidad de ocio. Nosotros que les ense\u00f1amos que, para triunfar, lo mejor es dar muchas voces en alguno de los miles de programas dedicados a los insultos gratuitos, o encerrarse para construir una casa o pasarse meses mirando a las musara\u00f1as para ganar millones. Tiene usted toda la raz\u00f3n del mundo. No se explica c\u00f3mo no nos damos cuenta de que un alumno es acosado. Si me lo permite, se lo explico. La raz\u00f3n es que somos malos, mal\u00edsimos. Porque en las dos o tres horas que les damos de clase a la semana, puede que no se d\u00e9 ninguna situaci\u00f3n de acoso y, si se da, primero hay que convencer al alumno acosado para que denuncie, porque resulta, se\u00f1or fiscal, que una vez que los desalmados de los profesores acaban su jornada, el mundo sigue, y el acoso en el centro no es m\u00e1s que el reflejo del acoso en la calle, en el parque, en cualquier lugar. Y ah\u00ed no estamos nosotros para protegerles. Pero ustedes s\u00ed, claro que los culpables somos nosotros. Y si acepta denunciar, hay que abrir un expediente al acosador y demostrar no s\u00f3lo su culpabilidad sino tambi\u00e9n nuestra inocencia. Por ejemplo, que no tenemos man\u00eda a ese alumno acosador, que tampoco se la tenemos a sus padres, que c\u00f3mo vamos a expulsar a un alumno, que c\u00f3mo vamos a encontrar testigos que se atrevan a hablar, que c\u00f3mo vamos a seguir sobreviviendo sabiendo que no tenemos ning\u00fan recurso, que, a lo sumo, se ir\u00e1 a su casa tres o cinco d\u00edas, pero que luego vuelve. Y que podemos trasladarlo de centro, pero eso s\u00f3lo supone aplazar la soluci\u00f3n de un problema. Tiene usted m\u00e1s raz\u00f3n que un santo. Diga usted que s\u00ed y recu\u00e9rdeles a todos que se puede actuar legalmente contra nosotros, los profesores, malditos desalmados que incluso a veces se atreven a llevar a los ni\u00f1os de excursi\u00f3n. Desalmados e inconscientes, como si no supi\u00e9ramos que si un alumno, desoyendo nuestras indicaciones o nuestros consejos, sufre alg\u00fan da\u00f1o, tambi\u00e9n somos culpables de ese da\u00f1o. A qui\u00e9n se le ocurre irse por esos mundos para que los alumnos conozcan cosas. Hombre, por favor. Ha abierto usted los ojos a toda la sociedad. Much\u00edsimas gracias. No sabe usted cu\u00e1nto le agradezco que nos haya echado a todo el mundo encima. En fin, que somos culpables. Ya se lo dije al principio. Culpables de todo, as\u00ed que aprovecho para confesar que fui yo quien mat\u00f3 a Kennedy y, si me apura usted mucho, tambi\u00e9n particip\u00e9 en lo de J. Lennon y en Vietnam. Y en lo del brazo de Cervantes , all\u00e1 en Lepanto. Y lo hice todo por pura rabia. La misma que siento cuando leo declaraciones como las suyas. Qu\u00e9 sinvivir, Dios m\u00edo. <\/p><\/blockquote>\n<p \/>\n<p \/><\/p>\n","protected":false},"excerpt":{"rendered":"<p>Art\u00edculo de la profesora y escritora extreme\u00f1a Pilar Gal\u00e1n publicado en el diario El Peri\u00f3dico Extremadura. En esta entrevista al fiscal\u00a0de Valencia\u00a0a la pregunta &quot;Usted sugiri\u00f3 que se pod\u00eda pedir responsabilidad penal o civil a profesores o centros por hacer la vista gorda ante el acoso. \u00bfAlguien lo ha hecho?, el se\u00f1or fiscal repond\u00eda:&quot;A\u00fan no, [&hellip;]<\/p>\n","protected":false},"author":1,"featured_media":0,"comment_status":"open","ping_status":"open","sticky":false,"template":"","format":"standard","meta":{"footnotes":""},"categories":[8],"tags":[],"class_list":["post-388","post","type-post","status-publish","format-standard","hentry","category-educacion_e_internet"],"_links":{"self":[{"href":"http:\/\/aula21.net\/aulablog21\/wp-json\/wp\/v2\/posts\/388","targetHints":{"allow":["GET"]}}],"collection":[{"href":"http:\/\/aula21.net\/aulablog21\/wp-json\/wp\/v2\/posts"}],"about":[{"href":"http:\/\/aula21.net\/aulablog21\/wp-json\/wp\/v2\/types\/post"}],"author":[{"embeddable":true,"href":"http:\/\/aula21.net\/aulablog21\/wp-json\/wp\/v2\/users\/1"}],"replies":[{"embeddable":true,"href":"http:\/\/aula21.net\/aulablog21\/wp-json\/wp\/v2\/comments?post=388"}],"version-history":[{"count":0,"href":"http:\/\/aula21.net\/aulablog21\/wp-json\/wp\/v2\/posts\/388\/revisions"}],"wp:attachment":[{"href":"http:\/\/aula21.net\/aulablog21\/wp-json\/wp\/v2\/media?parent=388"}],"wp:term":[{"taxonomy":"category","embeddable":true,"href":"http:\/\/aula21.net\/aulablog21\/wp-json\/wp\/v2\/categories?post=388"},{"taxonomy":"post_tag","embeddable":true,"href":"http:\/\/aula21.net\/aulablog21\/wp-json\/wp\/v2\/tags?post=388"}],"curies":[{"name":"wp","href":"https:\/\/api.w.org\/{rel}","templated":true}]}}