{"id":3904,"date":"2010-11-22T22:38:20","date_gmt":"2010-11-22T21:38:20","guid":{"rendered":"http:\/\/aula21.net\/aulablog21\/?p=3904"},"modified":"2010-11-22T22:38:59","modified_gmt":"2010-11-22T21:38:59","slug":"la-falsa-integracion","status":"publish","type":"post","link":"http:\/\/aula21.net\/aulablog21\/archives\/2010\/11\/22\/la-falsa-integracion\/","title":{"rendered":"La falsa integraci\u00f3n"},"content":{"rendered":"<p><!--adsense--><br \/>\nMe parece muy revelador un art\u00edculo de El\u00a0Pa\u00eds titulado <a href=\"http:\/\/www.elpais.com\/articulo\/educacion\/falsa\/integracion\/elpepuedu\/20101122elpepiedu_2\/Tes\" target=\"_blank\">La Falsa integraci\u00f3n<\/a> en el que se pone de manifiesto que la Escuela no da una respuesta adecuada a las necesidades de los alumnos discapacitados.<\/p>\n<blockquote><p>La vida de nueve alumnos discapacitados revela que la escuela tradicional no les sirve &#8211; La soluci\u00f3n no es ense\u00f1arles aparte sino mejorar m\u00e9todos y apoyos.<\/p><\/blockquote>\n<p>El art\u00edculo cita a su vez otro publicado en el \u00faltimo n\u00famero de la Revista de Educaci\u00f3n titulado <em><a href=\"http:\/\/www.oei.es\/noticias\/spip.php?article7859\" target=\"_blank\">Vulnerables al silencio. Historias escolares de j\u00f3venes con discapacidad<\/a><\/em><\/p>\n<p><em><br \/>\n<\/em><\/p>\n","protected":false},"excerpt":{"rendered":"<p>Me parece muy revelador un art\u00edculo de El\u00a0Pa\u00eds titulado La Falsa integraci\u00f3n en el que se pone de manifiesto que la Escuela no da una respuesta adecuada a las necesidades de los alumnos discapacitados. La vida de nueve alumnos discapacitados revela que la escuela tradicional no les sirve &#8211; La soluci\u00f3n no es ense\u00f1arles aparte [&hellip;]<\/p>\n","protected":false},"author":1,"featured_media":0,"comment_status":"open","ping_status":"open","sticky":false,"template":"","format":"standard","meta":{"footnotes":""},"categories":[17,19],"tags":[],"class_list":["post-3904","post","type-post","status-publish","format-standard","hentry","category-articulos","category-educacion"],"_links":{"self":[{"href":"http:\/\/aula21.net\/aulablog21\/wp-json\/wp\/v2\/posts\/3904","targetHints":{"allow":["GET"]}}],"collection":[{"href":"http:\/\/aula21.net\/aulablog21\/wp-json\/wp\/v2\/posts"}],"about":[{"href":"http:\/\/aula21.net\/aulablog21\/wp-json\/wp\/v2\/types\/post"}],"author":[{"embeddable":true,"href":"http:\/\/aula21.net\/aulablog21\/wp-json\/wp\/v2\/users\/1"}],"replies":[{"embeddable":true,"href":"http:\/\/aula21.net\/aulablog21\/wp-json\/wp\/v2\/comments?post=3904"}],"version-history":[{"count":0,"href":"http:\/\/aula21.net\/aulablog21\/wp-json\/wp\/v2\/posts\/3904\/revisions"}],"wp:attachment":[{"href":"http:\/\/aula21.net\/aulablog21\/wp-json\/wp\/v2\/media?parent=3904"}],"wp:term":[{"taxonomy":"category","embeddable":true,"href":"http:\/\/aula21.net\/aulablog21\/wp-json\/wp\/v2\/categories?post=3904"},{"taxonomy":"post_tag","embeddable":true,"href":"http:\/\/aula21.net\/aulablog21\/wp-json\/wp\/v2\/tags?post=3904"}],"curies":[{"name":"wp","href":"https:\/\/api.w.org\/{rel}","templated":true}]}}