{"id":3907,"date":"2010-11-25T12:47:59","date_gmt":"2010-11-25T11:47:59","guid":{"rendered":"http:\/\/aula21.net\/aulablog21\/?p=3907"},"modified":"2010-11-25T20:13:50","modified_gmt":"2010-11-25T19:13:50","slug":"paco-propone-un-mir-para-los-politicos","status":"publish","type":"post","link":"http:\/\/aula21.net\/aulablog21\/archives\/2010\/11\/25\/paco-propone-un-mir-para-los-politicos\/","title":{"rendered":"Paco propone un MIR para los pol\u00edticos"},"content":{"rendered":"<p><!--adsense--><br \/>\nAl leer la noticia <a href=\"http:\/\/www.hoy.es\/rc\/20101125\/mas-actualidad\/sociedad\/rubalcaba-propone-crear-eduacion-201011250332.html\">Rubalcaba plantea crear un \u00abMIR educativo\u00bb para maestros <\/a>se me ocurre que ser\u00eda tambi\u00e9n una magn\u00edfica idea crear un<strong> MIR para los pol\u00edticos<\/strong> que evitara el acceso al Gobierno tanto Nacional como auton\u00f3mico y local de pol\u00edticos con tan poca preparaci\u00f3n como los que actualmente tenemos.<\/p>\n<p>Ya en su d\u00eda el Sr. Rubalcaba tuvo la genial idea de crear la LOGSE con la que todos los profesores estamos encantados, miedo me da&#8230;<\/p>\n","protected":false},"excerpt":{"rendered":"<p>Al leer la noticia Rubalcaba plantea crear un \u00abMIR educativo\u00bb para maestros se me ocurre que ser\u00eda tambi\u00e9n una magn\u00edfica idea crear un MIR para los pol\u00edticos que evitara el acceso al Gobierno tanto Nacional como auton\u00f3mico y local de pol\u00edticos con tan poca preparaci\u00f3n como los que actualmente tenemos. Ya en su d\u00eda el [&hellip;]<\/p>\n","protected":false},"author":1,"featured_media":0,"comment_status":"open","ping_status":"open","sticky":false,"template":"","format":"standard","meta":{"footnotes":""},"categories":[17,19,23],"tags":[],"class_list":["post-3907","post","type-post","status-publish","format-standard","hentry","category-articulos","category-educacion","category-sociedad"],"_links":{"self":[{"href":"http:\/\/aula21.net\/aulablog21\/wp-json\/wp\/v2\/posts\/3907","targetHints":{"allow":["GET"]}}],"collection":[{"href":"http:\/\/aula21.net\/aulablog21\/wp-json\/wp\/v2\/posts"}],"about":[{"href":"http:\/\/aula21.net\/aulablog21\/wp-json\/wp\/v2\/types\/post"}],"author":[{"embeddable":true,"href":"http:\/\/aula21.net\/aulablog21\/wp-json\/wp\/v2\/users\/1"}],"replies":[{"embeddable":true,"href":"http:\/\/aula21.net\/aulablog21\/wp-json\/wp\/v2\/comments?post=3907"}],"version-history":[{"count":0,"href":"http:\/\/aula21.net\/aulablog21\/wp-json\/wp\/v2\/posts\/3907\/revisions"}],"wp:attachment":[{"href":"http:\/\/aula21.net\/aulablog21\/wp-json\/wp\/v2\/media?parent=3907"}],"wp:term":[{"taxonomy":"category","embeddable":true,"href":"http:\/\/aula21.net\/aulablog21\/wp-json\/wp\/v2\/categories?post=3907"},{"taxonomy":"post_tag","embeddable":true,"href":"http:\/\/aula21.net\/aulablog21\/wp-json\/wp\/v2\/tags?post=3907"}],"curies":[{"name":"wp","href":"https:\/\/api.w.org\/{rel}","templated":true}]}}