{"id":394,"date":"2005-06-09T20:34:39","date_gmt":"2005-06-09T19:34:39","guid":{"rendered":"http:\/\/127.0.0.1\/wordpress2\/index.php\/archives\/2005\/06\/09\/entrevista-a-jlorihuela-en-educar\/"},"modified":"2005-06-09T20:38:12","modified_gmt":"2005-06-09T19:38:12","slug":"entrevista-a-jlorihuela-en-educar","status":"publish","type":"post","link":"http:\/\/aula21.net\/aulablog21\/archives\/2005\/06\/09\/entrevista-a-jlorihuela-en-educar\/","title":{"rendered":"Entrevista a J.L.Orihuela en educ.ar"},"content":{"rendered":"<p>Podemos leer una <a href=\"http:\/\/weblog.educ.ar\/educacion-tics\/cuerpoentrevista.php?idEntrev=84\">enriquecedora entrevista<\/a> a <a href=\"http:\/\/weblog.educ.ar\/educacion-tics\/verautor.php?idAutor=62\/#62\">Jos\u00e9 Luis Orihuela<\/a>\u00a0 profesor en la <a href=\"http:\/\/www.unav.es\/\">Universidad de Navarra<\/a> y autor del weblog <a href=\"http:\/\/www.ecuaderno.com\/\">eCuaderno<\/a>. Destaco estos dos\u00a0p\u00e1rrafos:<\/p>\n<p><em>&quot;Sigo creyendo que el mayor obst\u00e1culo para la transformaci\u00f3n de los sistemas educativos no es b\u00e1sicamente de car\u00e1cter tecnol\u00f3gico, sino fundamentalmente metodol\u00f3gico. El problema de fondo no se limita a la inclusi\u00f3n de las TIC en la educaci\u00f3n, sino que pasa por la exigencia de la formaci\u00f3n permanente de los propios formadores: no se trata de hacer lo mismo de siempre con nuevos medios, sino de redefinir los contenidos educativos, las estrategias did\u00e1cticas y los roles de educadores y educandos. Las TIC han cambiado el mundo mucho m\u00e1s r\u00e1pidamente que lo que la escuela y la academia han sido capaces de asimilar&quot;. <\/em><\/p>\n<p>Esto reafirma\u00a0 mi opini\u00f3n\u00a0de que en\u00a0la mayor\u00eda de los cursos que se imparten a docentes interesados en TIC los contenidos se centran en los \u00e1spectos t\u00e9cnicos\u00a0 pero se incide poco en los metodol\u00f3gicos y mucho menos en los nuevos sistemas de evaluaci\u00f3n que hemos de reinventar.<\/p>\n<p><em>&quot;Los alumnos producen contenido de calidad en sus weblogs cuando escriben acerca de lo que les interesa, de lo que saben o de lo que hacen. Las exigencias acad\u00e9micas relativas a frecuencia de publicaci\u00f3n de posts, tem\u00e1ticas acotadas y uso intensivo de enlaces tienden a impactar de forma negativa en la calidad de la escritura.&quot;<\/em><\/p>\n<p>En Octubre de 2003 se public\u00f3 <a href=\"http:\/\/weblog.educ.ar\/educacion-tics\/cuerpoentrevista.php?idEntrev=10\">esta entrevista<\/a>\u00a0acerca de la aplicaci\u00f3n de nuevas tecnolog\u00edas, en particular el uso de los weblogs, en la pr\u00e1ctica docente.<\/p>\n","protected":false},"excerpt":{"rendered":"<p>Podemos leer una enriquecedora entrevista a Jos\u00e9 Luis Orihuela\u00a0 profesor en la Universidad de Navarra y autor del weblog eCuaderno. Destaco estos dos\u00a0p\u00e1rrafos: &quot;Sigo creyendo que el mayor obst\u00e1culo para la transformaci\u00f3n de los sistemas educativos no es b\u00e1sicamente de car\u00e1cter tecnol\u00f3gico, sino fundamentalmente metodol\u00f3gico. El problema de fondo no se limita a la inclusi\u00f3n [&hellip;]<\/p>\n","protected":false},"author":1,"featured_media":0,"comment_status":"open","ping_status":"open","sticky":false,"template":"","format":"standard","meta":{"footnotes":""},"categories":[8,2],"tags":[],"class_list":["post-394","post","type-post","status-publish","format-standard","hentry","category-educacion_e_internet","category-weblogs_en_el_aula"],"_links":{"self":[{"href":"http:\/\/aula21.net\/aulablog21\/wp-json\/wp\/v2\/posts\/394","targetHints":{"allow":["GET"]}}],"collection":[{"href":"http:\/\/aula21.net\/aulablog21\/wp-json\/wp\/v2\/posts"}],"about":[{"href":"http:\/\/aula21.net\/aulablog21\/wp-json\/wp\/v2\/types\/post"}],"author":[{"embeddable":true,"href":"http:\/\/aula21.net\/aulablog21\/wp-json\/wp\/v2\/users\/1"}],"replies":[{"embeddable":true,"href":"http:\/\/aula21.net\/aulablog21\/wp-json\/wp\/v2\/comments?post=394"}],"version-history":[{"count":0,"href":"http:\/\/aula21.net\/aulablog21\/wp-json\/wp\/v2\/posts\/394\/revisions"}],"wp:attachment":[{"href":"http:\/\/aula21.net\/aulablog21\/wp-json\/wp\/v2\/media?parent=394"}],"wp:term":[{"taxonomy":"category","embeddable":true,"href":"http:\/\/aula21.net\/aulablog21\/wp-json\/wp\/v2\/categories?post=394"},{"taxonomy":"post_tag","embeddable":true,"href":"http:\/\/aula21.net\/aulablog21\/wp-json\/wp\/v2\/tags?post=394"}],"curies":[{"name":"wp","href":"https:\/\/api.w.org\/{rel}","templated":true}]}}