{"id":3948,"date":"2010-11-27T23:05:05","date_gmt":"2010-11-27T22:05:05","guid":{"rendered":"http:\/\/aula21.net\/aulablog21\/?p=3948"},"modified":"2010-12-05T18:52:10","modified_gmt":"2010-12-05T17:52:10","slug":"intervencion-de-nestor-alonso-en-la-jornadas-de-acviles","status":"publish","type":"post","link":"http:\/\/aula21.net\/aulablog21\/archives\/2010\/11\/27\/intervencion-de-nestor-alonso-en-la-jornadas-de-acviles\/","title":{"rendered":"Intervenci\u00f3n de N\u00e9stor Alonso en la Jornadas de Avil\u00e9s"},"content":{"rendered":"<p>Recientemente han tenido lugar en Avil\u00e9s las <a href=\"http:\/\/lnx.cpraviles.com\/wordpress\/\" target=\"_blank\">IX Jornadas de Intercambio de Experiencias Educativas.<\/a><br \/>\n<!--adsense--><br \/>\n<a href=\"http:\/\/lnx.cpraviles.com\/wordpress\/\" target=\"_blank\"><img loading=\"lazy\" decoding=\"async\" class=\"alignleft size-medium wp-image-3949\" style=\"margin: 8px;\" title=\"Imagen 2\" src=\"http:\/\/aula21.net\/aulablog21\/wp-content\/uploads\/2010\/11\/Imagen-27-300x68.png\" alt=\"Imagen 2\" width=\"300\" height=\"68\" \/><\/a><\/p>\n<p>Una de las intervenciones que m\u00e1s exito han tenido ha sido la de mi compa\u00f1ero <a href=\"http:\/\/www.educacontic.es\/usuario\/nestor-alonso\" target=\"_blank\">en educacontic N\u00e9stor Alonso<\/a> maestro de primaria en el\u00a0<a href=\"http:\/\/web.educastur.princast.es\/cp\/sanfelix\/\" target=\"_blank\">Colegio P\u00fablico San F\u00e9lix<\/a> de Cand\u00e1s (Asturias)<br \/>\n<object id=\"lsplayer\" classid=\"clsid:d27cdb6e-ae6d-11cf-96b8-444553540000\" width=\"470\" height=\"340\" codebase=\"http:\/\/download.macromedia.com\/pub\/shockwave\/cabs\/flash\/swflash.cab#version=6,0,40,0\"><param name=\"allowScriptAccess\" value=\"always\" \/><param name=\"allowFullScreen\" value=\"true\" \/><param name=\"src\" value=\"http:\/\/cdn.livestream.com\/grid\/LSPlayer.swf?channel=cprdeaviles&amp;clip=pla_8cbf9e82-a52c-44e0-856b-a4aaf700f6e6&amp;color=0xed1c24&amp;autoPlay=false&amp;mute=false&amp;iconColorOver=0xffffff&amp;iconColor=0xffd2d5\" \/><param name=\"name\" value=\"lsplayer\" \/><param name=\"wmode\" value=\"transparent\" \/><param name=\"allowfullscreen\" value=\"true\" \/><embed id=\"lsplayer\" type=\"application\/x-shockwave-flash\" width=\"470\" height=\"340\" src=\"http:\/\/cdn.livestream.com\/grid\/LSPlayer.swf?channel=cprdeaviles&amp;clip=pla_8cbf9e82-a52c-44e0-856b-a4aaf700f6e6&amp;color=0xed1c24&amp;autoPlay=false&amp;mute=false&amp;iconColorOver=0xffffff&amp;iconColor=0xffd2d5\" wmode=\"transparent\" name=\"lsplayer\" allowfullscreen=\"true\" allowscriptaccess=\"always\"><\/embed><\/object><\/p>\n<div style=\"font-size: 11px; padding-top: 10px; text-align: center; width: 560px;\">Watch <a title=\"live streaming video\" href=\"http:\/\/www.livestream.com\/?utm_source=lsplayer&amp;utm_medium=embed&amp;utm_campaign=footerlinks\">live streaming video<\/a> from <a title=\"Watch cprdeaviles at livestream.com\" href=\"http:\/\/www.livestream.com\/cprdeaviles?utm_source=lsplayer&amp;utm_medium=embed&amp;utm_campaign=footerlinks\">cprdeaviles<\/a> at livestream.com<\/div>\n<p>Merece la pena visitar los proyectos que desarrolla con sus alumnos muchos de ellos descritos en el art\u00edculo que <a href=\"http:\/\/recursostic.educacion.es\/blogs\/buenaspracticas20\/index.php\/2010\/09\/09\/creactiv-s-nestor-alonso\" target=\"_blank\">publicamos en el Blog de BP 2.0<\/a> .<\/p>\n","protected":false},"excerpt":{"rendered":"<p>Recientemente han tenido lugar en Avil\u00e9s las IX Jornadas de Intercambio de Experiencias Educativas. Una de las intervenciones que m\u00e1s exito han tenido ha sido la de mi compa\u00f1ero en educacontic N\u00e9stor Alonso maestro de primaria en el\u00a0Colegio P\u00fablico San F\u00e9lix de Cand\u00e1s (Asturias) Watch live streaming video from cprdeaviles at livestream.com Merece la pena [&hellip;]<\/p>\n","protected":false},"author":1,"featured_media":0,"comment_status":"open","ping_status":"open","sticky":false,"template":"","format":"standard","meta":{"footnotes":""},"categories":[25,20,28,2],"tags":[],"class_list":["post-3948","post","type-post","status-publish","format-standard","hentry","category-eventos","category-video","category-web20","category-weblogs_en_el_aula"],"_links":{"self":[{"href":"http:\/\/aula21.net\/aulablog21\/wp-json\/wp\/v2\/posts\/3948","targetHints":{"allow":["GET"]}}],"collection":[{"href":"http:\/\/aula21.net\/aulablog21\/wp-json\/wp\/v2\/posts"}],"about":[{"href":"http:\/\/aula21.net\/aulablog21\/wp-json\/wp\/v2\/types\/post"}],"author":[{"embeddable":true,"href":"http:\/\/aula21.net\/aulablog21\/wp-json\/wp\/v2\/users\/1"}],"replies":[{"embeddable":true,"href":"http:\/\/aula21.net\/aulablog21\/wp-json\/wp\/v2\/comments?post=3948"}],"version-history":[{"count":0,"href":"http:\/\/aula21.net\/aulablog21\/wp-json\/wp\/v2\/posts\/3948\/revisions"}],"wp:attachment":[{"href":"http:\/\/aula21.net\/aulablog21\/wp-json\/wp\/v2\/media?parent=3948"}],"wp:term":[{"taxonomy":"category","embeddable":true,"href":"http:\/\/aula21.net\/aulablog21\/wp-json\/wp\/v2\/categories?post=3948"},{"taxonomy":"post_tag","embeddable":true,"href":"http:\/\/aula21.net\/aulablog21\/wp-json\/wp\/v2\/tags?post=3948"}],"curies":[{"name":"wp","href":"https:\/\/api.w.org\/{rel}","templated":true}]}}