{"id":413,"date":"2005-06-21T22:34:40","date_gmt":"2005-06-21T21:34:40","guid":{"rendered":"http:\/\/127.0.0.1\/wordpress2\/index.php\/archives\/2005\/06\/21\/xvi-congreso-mundial-de-educadores-sociales\/"},"modified":"2005-06-21T22:34:40","modified_gmt":"2005-06-21T21:34:40","slug":"xvi-congreso-mundial-de-educadores-sociales","status":"publish","type":"post","link":"http:\/\/aula21.net\/aulablog21\/archives\/2005\/06\/21\/xvi-congreso-mundial-de-educadores-sociales\/","title":{"rendered":"XVI Congreso Mundial de Educadores Sociales"},"content":{"rendered":"<p>Me escribe Laura Torres desde Uruguay:<\/p>\n<p><em>Hola Francisco, espero que est\u00e9s bien, te mando una informaci\u00f3n que no es directamente relacionada con educaci\u00f3n y tics, pero es muy interesante para educadores interesados en temas de pobreza y exclusi\u00f3n social&#8230; Y de paso, la posibilidad de conocer el Rio de la Plata, y mi ciudad, Montevideo, (quien venga y disponga de tiempo, podr\u00e1 ir tambi\u00e9n a Buenos Aires, que es una pasada, o sea que une lo acad\u00e9mico con algo de turismo). Pero ojo, que lo acad\u00e9mico, es de primer\u00edsimo nivel.<br \/>Me parece bueno difundirlo, t\u00fa sabr\u00e1s d\u00f3nde, si en Aula21 o los mil lugares para el profesorado que te conoces \ud83d\ude09<br \/>Te mando un fuerte abrazo y espero que contin\u00faes siempre con tu estupendo trabajo.<br \/>Con cari\u00f1o desde Uruguay<br \/>Laura de Torres<\/em><\/p>\n<p>Se trata del <a href=\"http:\/\/www.educadoressociales05.org\/\" target=\"_blank\">XVI Congreso Mundial de Educadores Sociales<\/a>\u00a0que se celebrar\u00e1 del 15 al 18 de noviembre en Montevideo, Uruguay<\/p>\n","protected":false},"excerpt":{"rendered":"<p>Me escribe Laura Torres desde Uruguay: Hola Francisco, espero que est\u00e9s bien, te mando una informaci\u00f3n que no es directamente relacionada con educaci\u00f3n y tics, pero es muy interesante para educadores interesados en temas de pobreza y exclusi\u00f3n social&#8230; Y de paso, la posibilidad de conocer el Rio de la Plata, y mi ciudad, Montevideo, [&hellip;]<\/p>\n","protected":false},"author":1,"featured_media":0,"comment_status":"open","ping_status":"open","sticky":false,"template":"","format":"standard","meta":{"footnotes":""},"categories":[1],"tags":[],"class_list":["post-413","post","type-post","status-publish","format-standard","hentry","category-miscelanea"],"_links":{"self":[{"href":"http:\/\/aula21.net\/aulablog21\/wp-json\/wp\/v2\/posts\/413","targetHints":{"allow":["GET"]}}],"collection":[{"href":"http:\/\/aula21.net\/aulablog21\/wp-json\/wp\/v2\/posts"}],"about":[{"href":"http:\/\/aula21.net\/aulablog21\/wp-json\/wp\/v2\/types\/post"}],"author":[{"embeddable":true,"href":"http:\/\/aula21.net\/aulablog21\/wp-json\/wp\/v2\/users\/1"}],"replies":[{"embeddable":true,"href":"http:\/\/aula21.net\/aulablog21\/wp-json\/wp\/v2\/comments?post=413"}],"version-history":[{"count":0,"href":"http:\/\/aula21.net\/aulablog21\/wp-json\/wp\/v2\/posts\/413\/revisions"}],"wp:attachment":[{"href":"http:\/\/aula21.net\/aulablog21\/wp-json\/wp\/v2\/media?parent=413"}],"wp:term":[{"taxonomy":"category","embeddable":true,"href":"http:\/\/aula21.net\/aulablog21\/wp-json\/wp\/v2\/categories?post=413"},{"taxonomy":"post_tag","embeddable":true,"href":"http:\/\/aula21.net\/aulablog21\/wp-json\/wp\/v2\/tags?post=413"}],"curies":[{"name":"wp","href":"https:\/\/api.w.org\/{rel}","templated":true}]}}