{"id":42,"date":"2004-07-05T21:52:25","date_gmt":"2004-07-05T20:52:25","guid":{"rendered":"http:\/\/127.0.0.1\/wordpress2\/index.php\/archives\/2004\/07\/05\/iv-jornadas-ticinternet-en-el-centro-educativo\/"},"modified":"2005-01-22T22:39:05","modified_gmt":"2005-01-22T21:39:05","slug":"iv-jornadas-ticinternet-en-el-centro-educativo","status":"publish","type":"post","link":"http:\/\/aula21.net\/aulablog21\/archives\/2004\/07\/05\/iv-jornadas-ticinternet-en-el-centro-educativo\/","title":{"rendered":"IV Jornadas T.I.C.:Internet en el centro educativo"},"content":{"rendered":"<p>Durante los d\u00edas 30 de junio, 1 y 2 de julio de 2004 se han celebrado Las 4as. Jornadas: Las Tecnolog\u00edas de la Informaci\u00f3n y la Comunicaci\u00f3n. Internet en el centro educativo.<br \/>En <a href=\"http:\/\/www.educa.aragob.es\/jornatic\/\">http:\/\/www.educa.aragob.es\/jornatic\/<\/a> teneis acceso a las conferencias en formato pdf as\u00ed como a las experiencias clasificadas por niveles educativos.<br \/>T\u00edtulos tan sugerentes como:<br \/>-LA <span class=\"caps\">REVOLUCI\u00d3N DE INTERNET<\/span>. UNA <span class=\"caps\">NUEVA FORMA DE ENSE\u00d1AR <\/span>Jes\u00fas A. Beltr\u00e1n Universidad Complutense de Madrid.<br \/>-EXPERIENCIAS <span class=\"caps\">EN OTRAS COMUNIDADES AUT\u00d3NOMAS<\/span>.<br \/>-CONTRIBUCI\u00d3N <span class=\"caps\">DE LAS T<\/span>.I.C. <span class=\"caps\">AL <\/span>APRENDIZAJE <span class=\"caps\">COOPERATIVO<\/span><br \/>Pere Pujols Maset. Universidad de Vic.<br \/>-\u00bfQu\u00e9 sabes de los erizos?: Una experiencia audiovisual en el aula para educaci\u00f3n infantil.<br \/>-Diversas WebQuests en formato html y pdf.<br \/>-Hacemos lo que podemos. Integraci\u00f3n de las <span class=\"caps\">TIC<\/span> en un <span class=\"caps\">IES<\/span>.<br \/>-Cambios metodol\u00f3gicos en la investigaci\u00f3n filos\u00f3fica en Bachillerato al utilizar las <span class=\"caps\">TIC<\/span>. Elaboraci\u00f3n de la revista filos\u00f3fica periferias\u0085&#8230;. <br \/>Mejor ser\u00e1 que pincheis el enlace y veais el mont\u00f3n de interesantes experiencias que podemos encontrar.<\/p>\n","protected":false},"excerpt":{"rendered":"<p>Durante los d\u00edas 30 de junio, 1 y 2 de julio de 2004 se han celebrado Las 4as. Jornadas: Las Tecnolog\u00edas de la Informaci\u00f3n y la Comunicaci\u00f3n. Internet en el centro educativo.En http:\/\/www.educa.aragob.es\/jornatic\/ teneis acceso a las conferencias en formato pdf as\u00ed como a las experiencias clasificadas por niveles educativos.T\u00edtulos tan sugerentes como:-LA REVOLUCI\u00d3N DE [&hellip;]<\/p>\n","protected":false},"author":1,"featured_media":0,"comment_status":"open","ping_status":"open","sticky":false,"template":"","format":"standard","meta":{"footnotes":""},"categories":[8],"tags":[],"class_list":["post-42","post","type-post","status-publish","format-standard","hentry","category-educacion_e_internet"],"_links":{"self":[{"href":"http:\/\/aula21.net\/aulablog21\/wp-json\/wp\/v2\/posts\/42","targetHints":{"allow":["GET"]}}],"collection":[{"href":"http:\/\/aula21.net\/aulablog21\/wp-json\/wp\/v2\/posts"}],"about":[{"href":"http:\/\/aula21.net\/aulablog21\/wp-json\/wp\/v2\/types\/post"}],"author":[{"embeddable":true,"href":"http:\/\/aula21.net\/aulablog21\/wp-json\/wp\/v2\/users\/1"}],"replies":[{"embeddable":true,"href":"http:\/\/aula21.net\/aulablog21\/wp-json\/wp\/v2\/comments?post=42"}],"version-history":[{"count":0,"href":"http:\/\/aula21.net\/aulablog21\/wp-json\/wp\/v2\/posts\/42\/revisions"}],"wp:attachment":[{"href":"http:\/\/aula21.net\/aulablog21\/wp-json\/wp\/v2\/media?parent=42"}],"wp:term":[{"taxonomy":"category","embeddable":true,"href":"http:\/\/aula21.net\/aulablog21\/wp-json\/wp\/v2\/categories?post=42"},{"taxonomy":"post_tag","embeddable":true,"href":"http:\/\/aula21.net\/aulablog21\/wp-json\/wp\/v2\/tags?post=42"}],"curies":[{"name":"wp","href":"https:\/\/api.w.org\/{rel}","templated":true}]}}