{"id":426,"date":"2005-07-01T10:46:09","date_gmt":"2005-07-01T09:46:09","guid":{"rendered":"http:\/\/127.0.0.1\/wordpress2\/index.php\/archives\/2005\/07\/01\/la-bocina-del-apostol\/"},"modified":"2005-07-01T10:53:15","modified_gmt":"2005-07-01T09:53:15","slug":"la-bocina-del-apostol","status":"publish","type":"post","link":"http:\/\/aula21.net\/aulablog21\/archives\/2005\/07\/01\/la-bocina-del-apostol\/","title":{"rendered":"La bocina del Apostol"},"content":{"rendered":"<p>El <a href=\"http:\/\/www.santiagoapostol.net\/\">IES Santiago Apostol<\/a> de Almendralejo publica anualmente desde el curso 2000\/01\u00a0una revista en la que colaboran profesores y alumnos denominada <a href=\"http:\/\/www.santiagoapostol.net\/revista.htm\">La bocina del Apostol<\/a>. <br \/><a href=\"http:\/\/www.santiagoapostol.net\/revista05\/\">En el n\u00famero 5<\/a> correspondiente al presente curso academ\u00edco entre otros interesantes art\u00edculos podemos leer <a href=\"http:\/\/www.santiagoapostol.net\/revista05\/blogs.html\">Blogs y ense\u00f1anza<\/a>\u00a0cuyo autor es mi amigo Carlos Cabanillas. Tuve el gusto de poderlo leer cuando estaba en fase de elaboraci\u00f3n y como todo lo que hace Carlos es magn\u00edfico.<\/p>\n<p>Aprovecho para deciros que Carlos en el <a href=\"http:\/\/iessapostol.juntaextremadura.net\/blogs\/\">Blog del Santiago Apostol<\/a>\u00a0ayer nos dec\u00eda:<\/p>\n<h3 class=\"bTitle\">Pues eso&#8230;, que me voy<\/h3>\n<div class=\"bText\">\n<p><em>He recibido \u00faltimamente ciertos comentarios sobre el peligro de que se identifique al <\/em><a href=\"http:\/\/www.santiagoapostol.net\/\"><em>IES Santiago Ap\u00f3stol<\/em><\/a><em> con las opiniones personales que incluyo en este blog. Se supone que esto podr\u00eda afectar negativamente a la imagen del Centro, a pesar de que en la columna derecha del blog advierto de que las opiniones y comentarios personales son responsabilidad \u00fanica de Carlos Cabanillas, esto es, m\u00eda.<\/em><\/p>\n<p><em>Lo \u00faltimo que deseo es da\u00f1ar la imagen del que creo que es el mejor instituto en muchos kil\u00f3metros a la redonda. Pero esto no hace sino ratificarme en mi creencia de que en Extremadura no se puede hablar libremente. O, mejor dicho, s\u00ed se puede hablar, mas no te quejes por las represalias.<\/em><\/p>\n<p><em>El caso es que mantendr\u00e9 este blog de forma as\u00e9ptica, y dir\u00e9 lo que me d\u00e9 la gana en <\/em><a href=\"http:\/\/usuarios.lycos.es\/grammaticus\/blog\/index.php\"><em>mi nuevo blog<\/em><\/a><em>, en un sitio gratuito, que soy pobre.<\/em><\/p>\n<p><em>Thanks.<\/em><\/p>\n<p>Ayer le coment\u00e9 que en mi opini\u00f3n lo que deb\u00eda hacer es simplemente cambiar el t\u00edtulo del blog y donde dice <em>Blog del Santiago Apostol<\/em> poner <em>Blog de Carlos Cabanillas <\/em>pero el ha optado por<a href=\"http:\/\/usuarios.lycos.es\/grammaticus\/blog\/index.php\"> abrir un nuevo blog<\/a> donde expresar libremente sus opiniones y mantener el otro. Dada su notable inteligencia seguro que ha hecho lo m\u00e1s acertado aunque yo no comparta su decisi\u00f3n. \u00a1 Menudo\u00a0lujo es para cualquier instituto tenerte como profesor !\u00a0Bueno me voy a agregar el nuevo blog de Carlos <a href=\"http:\/\/www.bloglines.com\/blog\/aula21\">a mi bloglines<\/a><\/p>\n<p \/>\n<\/div>\n","protected":false},"excerpt":{"rendered":"<p>El IES Santiago Apostol de Almendralejo publica anualmente desde el curso 2000\/01\u00a0una revista en la que colaboran profesores y alumnos denominada La bocina del Apostol. En el n\u00famero 5 correspondiente al presente curso academ\u00edco entre otros interesantes art\u00edculos podemos leer Blogs y ense\u00f1anza\u00a0cuyo autor es mi amigo Carlos Cabanillas. Tuve el gusto de poderlo leer [&hellip;]<\/p>\n","protected":false},"author":1,"featured_media":0,"comment_status":"open","ping_status":"open","sticky":false,"template":"","format":"standard","meta":{"footnotes":""},"categories":[8,2],"tags":[],"class_list":["post-426","post","type-post","status-publish","format-standard","hentry","category-educacion_e_internet","category-weblogs_en_el_aula"],"_links":{"self":[{"href":"http:\/\/aula21.net\/aulablog21\/wp-json\/wp\/v2\/posts\/426","targetHints":{"allow":["GET"]}}],"collection":[{"href":"http:\/\/aula21.net\/aulablog21\/wp-json\/wp\/v2\/posts"}],"about":[{"href":"http:\/\/aula21.net\/aulablog21\/wp-json\/wp\/v2\/types\/post"}],"author":[{"embeddable":true,"href":"http:\/\/aula21.net\/aulablog21\/wp-json\/wp\/v2\/users\/1"}],"replies":[{"embeddable":true,"href":"http:\/\/aula21.net\/aulablog21\/wp-json\/wp\/v2\/comments?post=426"}],"version-history":[{"count":0,"href":"http:\/\/aula21.net\/aulablog21\/wp-json\/wp\/v2\/posts\/426\/revisions"}],"wp:attachment":[{"href":"http:\/\/aula21.net\/aulablog21\/wp-json\/wp\/v2\/media?parent=426"}],"wp:term":[{"taxonomy":"category","embeddable":true,"href":"http:\/\/aula21.net\/aulablog21\/wp-json\/wp\/v2\/categories?post=426"},{"taxonomy":"post_tag","embeddable":true,"href":"http:\/\/aula21.net\/aulablog21\/wp-json\/wp\/v2\/tags?post=426"}],"curies":[{"name":"wp","href":"https:\/\/api.w.org\/{rel}","templated":true}]}}