{"id":4271,"date":"2011-02-10T13:11:51","date_gmt":"2011-02-10T12:11:51","guid":{"rendered":"http:\/\/aula21.net\/aulablog21\/?p=4271"},"modified":"2011-02-10T13:23:27","modified_gmt":"2011-02-10T12:23:27","slug":"a-la-caza-del-gazapo-y-a-morderse-la-lengua","status":"publish","type":"post","link":"http:\/\/aula21.net\/aulablog21\/archives\/2011\/02\/10\/a-la-caza-del-gazapo-y-a-morderse-la-lengua\/","title":{"rendered":"A la caza del gazapo y a morderse la lengua"},"content":{"rendered":"<p><!--adsense--><br \/>\n<a href=\"http:\/\/cvc.cervantes.es\/actcult\/morderse_lengua\/\" target=\"_blank\">Morderse la lengua <\/a> es una web del\u00a0 <a href=\"http:\/\/cvc.cervantes.es\/\" target=\"_blank\">Centro Virtual Cervantes <\/a>que recopila los<strong> malos usos<\/strong> del <strong>espa\u00f1ol <\/strong>en los medios de comunicaci\u00f3n: equ\u00edvocos y malentendidos provocados por erratas, errores sint\u00e1cticos o gramaticales y usos incorrectos de las  palabras, buscando siempre la faceta m\u00e1s divertida y sorprendente.<\/p>\n<p style=\"text-align: center;\"><img loading=\"lazy\" decoding=\"async\" class=\"aligncenter\" src=\"http:\/\/cvc.cervantes.es\/actcult\/morderse_lengua\/expo\/imagenes\/mundo_08.jpg\" alt=\"\" width=\"466\" height=\"280\" \/><br \/>\nLa exposici\u00f3n es el resultado de los recortes que el p\u00fablico del  programa Al habla de TVE envi\u00f3 a su secci\u00f3n <strong>El museo de los horrores.<\/strong><br \/>\nCreo que es un recurso did\u00e1ctico de una calidad extraordinaria, como tambi\u00e9n lo es la<a href=\"http:\/\/leer.es\/wp-content\/uploads\/web_gazapos\/A_la_Caza_del_Gazapo.pdf\" target=\"_blank\"> propuesta did\u00e1ctica que sobre dicha web nos ofrece el portal\u00a0 Leer.es<\/a><strong> ( A la caza del gazapo)<\/strong><\/p>\n<p style=\"text-align: center;\"><a href=\"http:\/\/cvc.cervantes.es\/actcult\/morderse_lengua\/\" target=\"_blank\"><img loading=\"lazy\" decoding=\"async\" class=\"size-medium wp-image-4272 alignnone\" title=\"exposici\u00f3n morderse la lengua\" src=\"http:\/\/aula21.net\/aulablog21\/wp-content\/uploads\/2011\/02\/exposici\u00f3n-morderse-la-lengua-300x240.jpg\" alt=\"exposici\u00f3n morderse la lengua\" width=\"300\" height=\"240\" srcset=\"http:\/\/aula21.net\/aulablog21\/wp-content\/uploads\/2011\/02\/exposici\u00f3n-morderse-la-lengua-300x240.jpg 300w, http:\/\/aula21.net\/aulablog21\/wp-content\/uploads\/2011\/02\/exposici\u00f3n-morderse-la-lengua.jpg 400w\" sizes=\"auto, (max-width: 300px) 100vw, 300px\" \/><\/a><\/p>\n<p>No cabe duda que hay otras maneras de aprender lengua m\u00e1s all\u00e1 de los aburridos temas de muchos libros de texto.<img loading=\"lazy\" decoding=\"async\" class=\"alignright\" style=\"margin: 8px;\" src=\"http:\/\/4.bp.blogspot.com\/_RKRzy1sFm6A\/TUm2j8Rp6iI\/AAAAAAAAAh8\/SaOvKoyxZYA\/s320\/fia.jpg\" alt=\"\" width=\"288\" height=\"202\" \/><\/p>\n<p style=\"text-align: center;\">Esta actividad da pie a llevar a cabo otras muchas\u00a0 en las que sean los alumnos los que vayan a la caza del gazapo en anuncios , medios de comunicaci\u00f3n, carteles callejeros etc\u00a0 y publiquen sus resultados en un blog o wiki creado al efecto.<\/p>\n<p style=\"text-align: center;\">Seguro que estar\u00e1n encantados de hacer las fotos con sus m\u00f3viles y mandarlas por correo al profesor.<\/p>\n<p style=\"text-align: center;\"><img loading=\"lazy\" decoding=\"async\" class=\"alignleft\" style=\"margin: 8px;\" src=\"http:\/\/3.bp.blogspot.com\/_RKRzy1sFm6A\/TUnKnnVZT8I\/AAAAAAAAAiE\/kbeWtnHxgok\/s320\/artuculada.jpg\" alt=\"\" width=\"266\" height=\"320\" \/><\/p>\n<p style=\"text-align: center;\">As\u00ed lo han hecho los alumnos del Colegio Juan Vald\u00e9s de Madrid<a href=\"http:\/\/ladiacritica.blogspot.com\/\" target=\"_blank\"> en un extraordinario trabajo<\/a> que ha merecido el reconocimiento de diversos medios de comunicaci\u00f3n, <a href=\"http:\/\/www.elpais.com\/articulo\/sociedad\/Alumnos\/caza\/gazapo\/elpepusoc\/20110123elpepusoc_3\/Tes\" target=\"_blank\">entre ellos El Pa\u00eds.<\/a><\/p>\n<p style=\"text-align: center;\"><a href=\"http:\/\/ladiacritica.blogspot.com\/\" target=\"_blank\">No dejes de visitar su blog.<\/a><\/p>\n","protected":false},"excerpt":{"rendered":"<p>Morderse la lengua es una web del\u00a0 Centro Virtual Cervantes que recopila los malos usos del espa\u00f1ol en los medios de comunicaci\u00f3n: equ\u00edvocos y malentendidos provocados por erratas, errores sint\u00e1cticos o gramaticales y usos incorrectos de las palabras, buscando siempre la faceta m\u00e1s divertida y sorprendente. La exposici\u00f3n es el resultado de los recortes que [&hellip;]<\/p>\n","protected":false},"author":1,"featured_media":0,"comment_status":"open","ping_status":"open","sticky":false,"template":"","format":"standard","meta":{"footnotes":""},"categories":[8,14,2],"tags":[],"class_list":["post-4271","post","type-post","status-publish","format-standard","hentry","category-educacion_e_internet","category-recursos-variados","category-weblogs_en_el_aula"],"_links":{"self":[{"href":"http:\/\/aula21.net\/aulablog21\/wp-json\/wp\/v2\/posts\/4271","targetHints":{"allow":["GET"]}}],"collection":[{"href":"http:\/\/aula21.net\/aulablog21\/wp-json\/wp\/v2\/posts"}],"about":[{"href":"http:\/\/aula21.net\/aulablog21\/wp-json\/wp\/v2\/types\/post"}],"author":[{"embeddable":true,"href":"http:\/\/aula21.net\/aulablog21\/wp-json\/wp\/v2\/users\/1"}],"replies":[{"embeddable":true,"href":"http:\/\/aula21.net\/aulablog21\/wp-json\/wp\/v2\/comments?post=4271"}],"version-history":[{"count":0,"href":"http:\/\/aula21.net\/aulablog21\/wp-json\/wp\/v2\/posts\/4271\/revisions"}],"wp:attachment":[{"href":"http:\/\/aula21.net\/aulablog21\/wp-json\/wp\/v2\/media?parent=4271"}],"wp:term":[{"taxonomy":"category","embeddable":true,"href":"http:\/\/aula21.net\/aulablog21\/wp-json\/wp\/v2\/categories?post=4271"},{"taxonomy":"post_tag","embeddable":true,"href":"http:\/\/aula21.net\/aulablog21\/wp-json\/wp\/v2\/tags?post=4271"}],"curies":[{"name":"wp","href":"https:\/\/api.w.org\/{rel}","templated":true}]}}