{"id":4325,"date":"2011-02-13T13:03:47","date_gmt":"2011-02-13T12:03:47","guid":{"rendered":"http:\/\/aula21.net\/aulablog21\/?p=4325"},"modified":"2011-02-13T13:05:39","modified_gmt":"2011-02-13T12:05:39","slug":"educar-y-prevenir-en-internet","status":"publish","type":"post","link":"http:\/\/aula21.net\/aulablog21\/archives\/2011\/02\/13\/educar-y-prevenir-en-internet\/","title":{"rendered":"Educar y prevenir en Internet"},"content":{"rendered":"<p>Presentaci\u00f3n de la charla que sobre Internet ha impartido<a href=\"http:\/\/www.rauldiego.es\/\"> Ra\u00fal Diego <\/a>Tutor y coordinador TIC de los<a href=\"http:\/\/salesianoscolegiodigital.wordpress.com\/\" target=\"_blank\"> Salesianos de Santander<\/a>. Puede ser de gran utilidad para los tutores y padres.<\/p>\n<p>Ra\u00fal es autor de<a href=\"http:\/\/salesianoscolegiodigital.wordpress.com\/formacion\/\" target=\"_blank\"> magn\u00edficos cursos sobre TIC en el aula.<\/a><\/p>\n<div id=\"__ss_6411271\" style=\"width: 425px;\"><strong style=\"display:block;margin:12px 0 4px\"><a title=\"Educar y Prevenir en internet\" href=\"http:\/\/www.slideshare.net\/rauldiego\/educar-y-prevenir-en-internet-6411271\">Educar y Prevenir en internet<\/a><\/strong><object id=\"__sse6411271\" classid=\"clsid:d27cdb6e-ae6d-11cf-96b8-444553540000\" width=\"425\" height=\"355\" codebase=\"http:\/\/download.macromedia.com\/pub\/shockwave\/cabs\/flash\/swflash.cab#version=6,0,40,0\"><param name=\"allowFullScreen\" value=\"true\" \/><param name=\"allowScriptAccess\" value=\"always\" \/><param name=\"src\" value=\"http:\/\/static.slidesharecdn.com\/swf\/ssplayer2.swf?doc=educaryprevenireninternet2-091122110923-phpapp01-101230165612-phpapp02&amp;stripped_title=educar-y-prevenir-en-internet-6411271&amp;userName=rauldiego\" \/><param name=\"name\" value=\"__sse6411271\" \/><param name=\"allowfullscreen\" value=\"true\" \/><embed id=\"__sse6411271\" type=\"application\/x-shockwave-flash\" width=\"425\" height=\"355\" src=\"http:\/\/static.slidesharecdn.com\/swf\/ssplayer2.swf?doc=educaryprevenireninternet2-091122110923-phpapp01-101230165612-phpapp02&amp;stripped_title=educar-y-prevenir-en-internet-6411271&amp;userName=rauldiego\" name=\"__sse6411271\" allowscriptaccess=\"always\" allowfullscreen=\"true\"><\/embed><\/object><\/p>\n<div style=\"padding:5px 0 12px\">View more <a href=\"http:\/\/www.slideshare.net\/\">presentations<\/a> from <a href=\"http:\/\/www.slideshare.net\/rauldiego\">Ra\u00fal Diego<\/a>.<\/div>\n<\/div>\n","protected":false},"excerpt":{"rendered":"<p>Presentaci\u00f3n de la charla que sobre Internet ha impartido Ra\u00fal Diego Tutor y coordinador TIC de los Salesianos de Santander. Puede ser de gran utilidad para los tutores y padres. Ra\u00fal es autor de magn\u00edficos cursos sobre TIC en el aula. Educar y Prevenir en internet View more presentations from Ra\u00fal Diego.<\/p>\n","protected":false},"author":1,"featured_media":0,"comment_status":"open","ping_status":"open","sticky":false,"template":"","format":"standard","meta":{"footnotes":""},"categories":[38,18,28],"tags":[],"class_list":["post-4325","post","type-post","status-publish","format-standard","hentry","category-formacion","category-tic","category-web20"],"_links":{"self":[{"href":"http:\/\/aula21.net\/aulablog21\/wp-json\/wp\/v2\/posts\/4325","targetHints":{"allow":["GET"]}}],"collection":[{"href":"http:\/\/aula21.net\/aulablog21\/wp-json\/wp\/v2\/posts"}],"about":[{"href":"http:\/\/aula21.net\/aulablog21\/wp-json\/wp\/v2\/types\/post"}],"author":[{"embeddable":true,"href":"http:\/\/aula21.net\/aulablog21\/wp-json\/wp\/v2\/users\/1"}],"replies":[{"embeddable":true,"href":"http:\/\/aula21.net\/aulablog21\/wp-json\/wp\/v2\/comments?post=4325"}],"version-history":[{"count":0,"href":"http:\/\/aula21.net\/aulablog21\/wp-json\/wp\/v2\/posts\/4325\/revisions"}],"wp:attachment":[{"href":"http:\/\/aula21.net\/aulablog21\/wp-json\/wp\/v2\/media?parent=4325"}],"wp:term":[{"taxonomy":"category","embeddable":true,"href":"http:\/\/aula21.net\/aulablog21\/wp-json\/wp\/v2\/categories?post=4325"},{"taxonomy":"post_tag","embeddable":true,"href":"http:\/\/aula21.net\/aulablog21\/wp-json\/wp\/v2\/tags?post=4325"}],"curies":[{"name":"wp","href":"https:\/\/api.w.org\/{rel}","templated":true}]}}