{"id":44,"date":"2004-07-19T21:11:52","date_gmt":"2004-07-19T20:11:52","guid":{"rendered":"http:\/\/127.0.0.1\/wordpress2\/index.php\/archives\/2004\/07\/19\/monografico-educacion-e-internet\/"},"modified":"2004-12-19T11:20:26","modified_gmt":"2004-12-19T10:20:26","slug":"monografico-educacion-e-internet","status":"publish","type":"post","link":"http:\/\/aula21.net\/aulablog21\/archives\/2004\/07\/19\/monografico-educacion-e-internet\/","title":{"rendered":"Monogr\u00e1fico Educaci\u00f3n e Internet"},"content":{"rendered":"<p>El portal Educaweb.com dedica un nuevo monogr\u00e1fico al tema <a href=\"http:\/\/www.educaweb.com\/esp\/servicios\/monografico\/edinternet\/\">Educaci\u00f3n e Internet<\/a>. Diversos expertos del \u00e1mbito universitario responden en torno al siguiente tema: \u00bfCu\u00e1les son las competencias que debe adquirir el docente para integrar las nuevas tecnolog\u00edas de la informaci\u00f3n y la comunicaci\u00f3n (TICs) en el ejercicio de su profesi\u00f3n? . \u00bfPodr\u00edamos, tambi\u00e9n, afirmar que existen nuevos perfiles profesionales y nuevas ocupaciones, surgidas de la implantaci\u00f3n de las TICs en el sector de la educaci\u00f3n? <\/p>\n","protected":false},"excerpt":{"rendered":"<p>El portal Educaweb.com dedica un nuevo monogr\u00e1fico al tema Educaci\u00f3n e Internet. Diversos expertos del \u00e1mbito universitario responden en torno al siguiente tema: \u00bfCu\u00e1les son las competencias que debe adquirir el docente para integrar las nuevas tecnolog\u00edas de la informaci\u00f3n y la comunicaci\u00f3n (TICs) en el ejercicio de su profesi\u00f3n? . \u00bfPodr\u00edamos, tambi\u00e9n, afirmar que [&hellip;]<\/p>\n","protected":false},"author":1,"featured_media":0,"comment_status":"open","ping_status":"open","sticky":false,"template":"","format":"standard","meta":{"footnotes":""},"categories":[8],"tags":[],"class_list":["post-44","post","type-post","status-publish","format-standard","hentry","category-educacion_e_internet"],"_links":{"self":[{"href":"http:\/\/aula21.net\/aulablog21\/wp-json\/wp\/v2\/posts\/44","targetHints":{"allow":["GET"]}}],"collection":[{"href":"http:\/\/aula21.net\/aulablog21\/wp-json\/wp\/v2\/posts"}],"about":[{"href":"http:\/\/aula21.net\/aulablog21\/wp-json\/wp\/v2\/types\/post"}],"author":[{"embeddable":true,"href":"http:\/\/aula21.net\/aulablog21\/wp-json\/wp\/v2\/users\/1"}],"replies":[{"embeddable":true,"href":"http:\/\/aula21.net\/aulablog21\/wp-json\/wp\/v2\/comments?post=44"}],"version-history":[{"count":0,"href":"http:\/\/aula21.net\/aulablog21\/wp-json\/wp\/v2\/posts\/44\/revisions"}],"wp:attachment":[{"href":"http:\/\/aula21.net\/aulablog21\/wp-json\/wp\/v2\/media?parent=44"}],"wp:term":[{"taxonomy":"category","embeddable":true,"href":"http:\/\/aula21.net\/aulablog21\/wp-json\/wp\/v2\/categories?post=44"},{"taxonomy":"post_tag","embeddable":true,"href":"http:\/\/aula21.net\/aulablog21\/wp-json\/wp\/v2\/tags?post=44"}],"curies":[{"name":"wp","href":"https:\/\/api.w.org\/{rel}","templated":true}]}}