{"id":4414,"date":"2011-02-19T12:06:57","date_gmt":"2011-02-19T11:06:57","guid":{"rendered":"http:\/\/aula21.net\/aulablog21\/?p=4414"},"modified":"2011-02-19T12:08:51","modified_gmt":"2011-02-19T11:08:51","slug":"celebrando-el-ano-internacional-de-la-quimica","status":"publish","type":"post","link":"http:\/\/aula21.net\/aulablog21\/archives\/2011\/02\/19\/celebrando-el-ano-internacional-de-la-quimica\/","title":{"rendered":"Celebrando el A\u00f1o Internacional de la Qu\u00edmica"},"content":{"rendered":"<p><!--adsense--><br \/>\n<img loading=\"lazy\" decoding=\"async\" class=\"alignleft\" style=\"margin: 9px;\" src=\"http:\/\/t0.gstatic.com\/images?q=tbn:ANd9GcTKk5ua1gJeBTxmx3TRt0rXMMM2e63HH6mAPgBuGF-RHWHKBXyH5iWUFgs\" alt=\"\" width=\"128\" height=\"76\" \/>\u00ab<strong>Qu\u00edmica nuestra vida, nuestro futuro\u00bb<\/strong> es el lema del <a href=\"http:\/\/www.quimica2011.es\" target=\"_blank\">A\u00f1o Internacional de la Qu\u00edmica<\/a> que se est\u00e1 celebrando en todo el mundo.<\/p>\n<p>El a\u00f1o 2011 coincide con el centenario del Premio Nobel de Qu\u00edmica  otorgado a <a href=\"http:\/\/aula21.net\/aulablog21\/archives\/2011\/02\/07\/marie-curie\/\" target=\"_blank\"><strong>Marie Curie<\/strong><\/a> una de las mujeres m\u00e1s grandes de la historia. El curso 1984-85 finalic\u00e9 mis estudios de esa bella ciencia que siempre me ha apasionado y a la que no he podido dedicar todo el tiempo que me hubiese gustado, pero he puesto toda la carne en el asador para escribir\u00a0 <a href=\"http:\/\/www.educacontic.es\/blog\/2011-ano-internacional-de-la-quimica\" target=\"_blank\">un art\u00edculo sobre  el A\u00f1o Internacional de la Qu\u00edmica en educ@contic <\/a>que os invito a leer.<\/p>\n<p>Con mis alumnos estoy preparando una exposici\u00f3n para celebrar el  <strong>AIQ2011<\/strong> como se merece con materiales que he conseguido en algunas de las  webs que menciono en el art\u00edculo.<\/p>\n<p style=\"text-align: center;\"><strong><strong><a href=\"http:\/\/aula21.net\/aulablog21\/wp-content\/uploads\/2011\/02\/2011_quimica2.jpg\"><img loading=\"lazy\" decoding=\"async\" class=\"aligncenter size-full wp-image-4415\" title=\"2011_quimica2\" src=\"http:\/\/aula21.net\/aulablog21\/wp-content\/uploads\/2011\/02\/2011_quimica2.jpg\" alt=\"2011_quimica2\" width=\"444\" height=\"360\" srcset=\"http:\/\/aula21.net\/aulablog21\/wp-content\/uploads\/2011\/02\/2011_quimica2.jpg 694w, http:\/\/aula21.net\/aulablog21\/wp-content\/uploads\/2011\/02\/2011_quimica2-300x243.jpg 300w\" sizes=\"auto, (max-width: 444px) 100vw, 444px\" \/><\/a><\/strong><\/strong><\/p>\n","protected":false},"excerpt":{"rendered":"<p>\u00abQu\u00edmica nuestra vida, nuestro futuro\u00bb es el lema del A\u00f1o Internacional de la Qu\u00edmica que se est\u00e1 celebrando en todo el mundo. El a\u00f1o 2011 coincide con el centenario del Premio Nobel de Qu\u00edmica otorgado a Marie Curie una de las mujeres m\u00e1s grandes de la historia. El curso 1984-85 finalic\u00e9 mis estudios de esa [&hellip;]<\/p>\n","protected":false},"author":1,"featured_media":0,"comment_status":"open","ping_status":"open","sticky":false,"template":"","format":"standard","meta":{"footnotes":""},"categories":[8,7,14],"tags":[],"class_list":["post-4414","post","type-post","status-publish","format-standard","hentry","category-educacion_e_internet","category-personal","category-recursos-variados"],"_links":{"self":[{"href":"http:\/\/aula21.net\/aulablog21\/wp-json\/wp\/v2\/posts\/4414","targetHints":{"allow":["GET"]}}],"collection":[{"href":"http:\/\/aula21.net\/aulablog21\/wp-json\/wp\/v2\/posts"}],"about":[{"href":"http:\/\/aula21.net\/aulablog21\/wp-json\/wp\/v2\/types\/post"}],"author":[{"embeddable":true,"href":"http:\/\/aula21.net\/aulablog21\/wp-json\/wp\/v2\/users\/1"}],"replies":[{"embeddable":true,"href":"http:\/\/aula21.net\/aulablog21\/wp-json\/wp\/v2\/comments?post=4414"}],"version-history":[{"count":0,"href":"http:\/\/aula21.net\/aulablog21\/wp-json\/wp\/v2\/posts\/4414\/revisions"}],"wp:attachment":[{"href":"http:\/\/aula21.net\/aulablog21\/wp-json\/wp\/v2\/media?parent=4414"}],"wp:term":[{"taxonomy":"category","embeddable":true,"href":"http:\/\/aula21.net\/aulablog21\/wp-json\/wp\/v2\/categories?post=4414"},{"taxonomy":"post_tag","embeddable":true,"href":"http:\/\/aula21.net\/aulablog21\/wp-json\/wp\/v2\/tags?post=4414"}],"curies":[{"name":"wp","href":"https:\/\/api.w.org\/{rel}","templated":true}]}}