{"id":4427,"date":"2011-02-19T14:39:04","date_gmt":"2011-02-19T13:39:04","guid":{"rendered":"http:\/\/aula21.net\/aulablog21\/?p=4427"},"modified":"2011-02-19T15:20:14","modified_gmt":"2011-02-19T14:20:14","slug":"leyendo-platero","status":"publish","type":"post","link":"http:\/\/aula21.net\/aulablog21\/archives\/2011\/02\/19\/leyendo-platero\/","title":{"rendered":"Leyendo Platero"},"content":{"rendered":"<p><!--adsense--><br \/>\n<img loading=\"lazy\" decoding=\"async\" class=\"alignleft\" style=\"margin: 10px;\" src=\"http:\/\/web.educastur.princast.es\/cpr\/oviedo\/web\/components\/com_recursos\/files\/27_Portada%20179192_td.jpg\" alt=\"\" width=\"180\" height=\"250\" \/>De forma un tanto casual he dado hoy con otro Platero, se trata una veterana y magn\u00edfica revista del CPR de Oviedo dirigida a profesionales de la educaci\u00f3n de todos los niveles educativos, as\u00ed como a los Bibliotecarios y a todos los\u00a0interesados en el Fomento de la Lectura.<br \/>\nEn 2007 recibi\u00f3 el PREMIO NACIONAL FOMENTO DE LA LECTURA por parte del Ministerio de Cultura.<br \/>\nSe inici\u00f3 en 1984 y es mensual.<br \/>\n<a href=\"http:\/\/web.educastur.princast.es\/cpr\/oviedo\/web\/index.php?option=com_mensajes&amp;view=mensajes&amp;Itemid=51\">El n\u00famero 179<\/a> es un monogr\u00e1fico realizado por Juan Jos\u00e9 Lage sobre los Primeros Premios de Buenas Pr\u00e1cticas en bibliotecas escolares (2006-2009), <a href=\"http:\/\/web.educastur.princast.es\/cpr\/oviedo\/web\/index.php?option=com_recursos&amp;task=ficha&amp;id_recurso=27&amp;id_asesoria=&amp;Itemid=19\" target=\"_blank\">podemos verlo y descargarlo<\/a> en formato pdf.<\/p>\n<p style=\"text-align: center;\"><strong>Sumario<\/strong>:<\/p>\n<ul>\n<li>CEIP Miguel Servet de Fraga (Huesca)<\/li>\n<li>CEIP Alba Plata (C\u00e1ceres)<\/li>\n<li style=\"text-align: left;\">CEIP Buenos Aires (Pinto-Madrid)<\/li>\n<\/ul>\n<ul>\n<li>CEIP Ntra. Sra. de La Caridad (La Garrovilla-Badajoz)<\/li>\n<\/ul>\n<p style=\"text-align: center;\">\n<p style=\"text-align: center;\">\n<p style=\"text-align: center;\"><a href=\"http:\/\/web.educastur.princast.es\/cpr\/oviedo\/web\/components\/com_recursos\/files\/27_platero%20179_yk.pdf\" target=\"_blank\"><img loading=\"lazy\" decoding=\"async\" class=\"aligncenter size-full wp-image-4428\" title=\"Captura de pantalla 2011-02-19 a las 14.05.31\" src=\"http:\/\/aula21.net\/aulablog21\/wp-content\/uploads\/2011\/02\/Captura-de-pantalla-2011-02-19-a-las-14.05.31.png\" alt=\"Captura de pantalla 2011-02-19 a las 14.05.31\" width=\"448\" height=\"174\" srcset=\"http:\/\/aula21.net\/aulablog21\/wp-content\/uploads\/2011\/02\/Captura-de-pantalla-2011-02-19-a-las-14.05.31.png 889w, http:\/\/aula21.net\/aulablog21\/wp-content\/uploads\/2011\/02\/Captura-de-pantalla-2011-02-19-a-las-14.05.31-300x116.png 300w\" sizes=\"auto, (max-width: 448px) 100vw, 448px\" \/><\/a><\/p>\n<p>Aprovecho para recomendaros echar un vistazo a los<a href=\"http:\/\/web.educastur.princast.es\/cpr\/oviedo\/web\/index.php?option=com_recursos&amp;view=recursos&amp;Itemid=19\" target=\"_blank\"> Recursos y publicaciones del CPR de Oviedo.<\/a><\/p>\n<p>La reducci\u00f3n de fracaso escolar pasa por el reciclaje de muchos docentes y por el fomento de la lectura desde todas las \u00e1reas, as\u00ed lo ha entendido recientemente el consejero de Educaci\u00f3n de la Junta de Andaluc\u00eda, comunidad en la que<a href=\"http:\/\/www.elmundo.es\/elmundo\/2011\/02\/18\/andalucia\/1298058601.html\"> se va a duplicar el tiempo de lectura obligatoria <\/a>al dia en Primaria. \u00a0Lo \u00fanico que no me gusta de la noticia es la palabra \u00abobligatoria\u00bb, yo lo anunciar\u00eda diciendo que se va a duplicar el tiempo de disfrute.<\/p>\n<p>Una medida necesaria aunque no suficiente que si en mis manos estuviera la aplicar\u00eda tambi\u00e9n en secundar\u00eda.<\/p>\n","protected":false},"excerpt":{"rendered":"<p>De forma un tanto casual he dado hoy con otro Platero, se trata una veterana y magn\u00edfica revista del CPR de Oviedo dirigida a profesionales de la educaci\u00f3n de todos los niveles educativos, as\u00ed como a los Bibliotecarios y a todos los\u00a0interesados en el Fomento de la Lectura. En 2007 recibi\u00f3 el PREMIO NACIONAL FOMENTO [&hellip;]<\/p>\n","protected":false},"author":1,"featured_media":0,"comment_status":"open","ping_status":"open","sticky":false,"template":"","format":"standard","meta":{"footnotes":""},"categories":[29],"tags":[],"class_list":["post-4427","post","type-post","status-publish","format-standard","hentry","category-lecturas"],"_links":{"self":[{"href":"http:\/\/aula21.net\/aulablog21\/wp-json\/wp\/v2\/posts\/4427","targetHints":{"allow":["GET"]}}],"collection":[{"href":"http:\/\/aula21.net\/aulablog21\/wp-json\/wp\/v2\/posts"}],"about":[{"href":"http:\/\/aula21.net\/aulablog21\/wp-json\/wp\/v2\/types\/post"}],"author":[{"embeddable":true,"href":"http:\/\/aula21.net\/aulablog21\/wp-json\/wp\/v2\/users\/1"}],"replies":[{"embeddable":true,"href":"http:\/\/aula21.net\/aulablog21\/wp-json\/wp\/v2\/comments?post=4427"}],"version-history":[{"count":0,"href":"http:\/\/aula21.net\/aulablog21\/wp-json\/wp\/v2\/posts\/4427\/revisions"}],"wp:attachment":[{"href":"http:\/\/aula21.net\/aulablog21\/wp-json\/wp\/v2\/media?parent=4427"}],"wp:term":[{"taxonomy":"category","embeddable":true,"href":"http:\/\/aula21.net\/aulablog21\/wp-json\/wp\/v2\/categories?post=4427"},{"taxonomy":"post_tag","embeddable":true,"href":"http:\/\/aula21.net\/aulablog21\/wp-json\/wp\/v2\/tags?post=4427"}],"curies":[{"name":"wp","href":"https:\/\/api.w.org\/{rel}","templated":true}]}}