{"id":447,"date":"2005-07-08T11:16:24","date_gmt":"2005-07-08T10:16:24","guid":{"rendered":"http:\/\/127.0.0.1\/wordpress2\/index.php\/archives\/2005\/07\/08\/aplicaciones-de-los-weblogs-para-la-ensenanza-en-linea\/"},"modified":"2005-07-08T18:36:56","modified_gmt":"2005-07-08T17:36:56","slug":"aplicaciones-de-los-weblogs-para-la-ensenanza-en-linea","status":"publish","type":"post","link":"http:\/\/aula21.net\/aulablog21\/archives\/2005\/07\/08\/aplicaciones-de-los-weblogs-para-la-ensenanza-en-linea\/","title":{"rendered":"Aplicaciones de los weblogs para la ense\u00f1anza en l\u00ednea"},"content":{"rendered":"<p>Un nuevo y extraordinario trabajo de <a href=\"http:\/\/www.vidadigital.net\/blog\/\">Mario<\/a> mi Edublogger favorito. Se trata del m\u00f3dulo que desarroll\u00f3 para el Proyecto de la Plaza Virtual de HETS:<a class=\"extlink\" href=\"http:\/\/www.hets.org\/vp_es_weblogs_1.php\"> Aplicaciones de los weblogs para la ense\u00f1anza en l\u00ednea<\/a>.<\/p>\n<p>El propio <a href=\"http:\/\/www.vidadigital.net\/blog\/2005\/07\/08\/modulo-sobre-weblogs-y-la-ensenanza\/\">Mario en su art\u00edculo<\/a> lo describe as\u00ed:<\/p>\n<p><em>Este m\u00f3dulo tiene los siguientes objetivos:<\/em><\/p>\n<p><em>1. Describir la naturaleza y la historia de los weblogs<br \/>2. Identificar las ventajas de los weblogs para la ense\u00f1anza en l\u00ednea<br \/>3. Explorar las aplicaciones e implicaciones de los weblogs para la ense\u00f1anza<br \/>4. Identificar herramientas que pueden utilizarse para crear y mantener weblogs<br \/>5. Aprender a utilizar el RSS como una manera de manejar las noticias de los blogs<br \/>6. Conocer c\u00f3mo integrar los weblogs a los sistemas de manejo de cursos en l\u00ednea<\/em><\/p>\n<p>Me pasar\u00eda el d\u00eda referenciando cosas del blog de Mario que considero hoy por hoy el mejor de la blogosfera hispana en el \u00e1mbito educativo. Tengo el placer de ser su amigo virtual y  a menudo chateamos a trav\u00e9s del Messenger.<br \/>\nGracias por tu dedicaci\u00f3n y generosidad al compartir tan valiosos materiales con todos.<\/p>\n","protected":false},"excerpt":{"rendered":"<p>Un nuevo y extraordinario trabajo de Mario mi Edublogger favorito. Se trata del m\u00f3dulo que desarroll\u00f3 para el Proyecto de la Plaza Virtual de HETS: Aplicaciones de los weblogs para la ense\u00f1anza en l\u00ednea. El propio Mario en su art\u00edculo lo describe as\u00ed: Este m\u00f3dulo tiene los siguientes objetivos: 1. Describir la naturaleza y la [&hellip;]<\/p>\n","protected":false},"author":1,"featured_media":0,"comment_status":"open","ping_status":"open","sticky":false,"template":"","format":"standard","meta":{"footnotes":""},"categories":[3,2],"tags":[],"class_list":["post-447","post","type-post","status-publish","format-standard","hentry","category-weblogs_herramientas_trucos_etc","category-weblogs_en_el_aula"],"_links":{"self":[{"href":"http:\/\/aula21.net\/aulablog21\/wp-json\/wp\/v2\/posts\/447","targetHints":{"allow":["GET"]}}],"collection":[{"href":"http:\/\/aula21.net\/aulablog21\/wp-json\/wp\/v2\/posts"}],"about":[{"href":"http:\/\/aula21.net\/aulablog21\/wp-json\/wp\/v2\/types\/post"}],"author":[{"embeddable":true,"href":"http:\/\/aula21.net\/aulablog21\/wp-json\/wp\/v2\/users\/1"}],"replies":[{"embeddable":true,"href":"http:\/\/aula21.net\/aulablog21\/wp-json\/wp\/v2\/comments?post=447"}],"version-history":[{"count":0,"href":"http:\/\/aula21.net\/aulablog21\/wp-json\/wp\/v2\/posts\/447\/revisions"}],"wp:attachment":[{"href":"http:\/\/aula21.net\/aulablog21\/wp-json\/wp\/v2\/media?parent=447"}],"wp:term":[{"taxonomy":"category","embeddable":true,"href":"http:\/\/aula21.net\/aulablog21\/wp-json\/wp\/v2\/categories?post=447"},{"taxonomy":"post_tag","embeddable":true,"href":"http:\/\/aula21.net\/aulablog21\/wp-json\/wp\/v2\/tags?post=447"}],"curies":[{"name":"wp","href":"https:\/\/api.w.org\/{rel}","templated":true}]}}