{"id":4484,"date":"2011-02-23T20:35:48","date_gmt":"2011-02-23T19:35:48","guid":{"rendered":"http:\/\/aula21.net\/aulablog21\/?p=4484"},"modified":"2011-02-23T20:43:51","modified_gmt":"2011-02-23T19:43:51","slug":"publicado-articulo-sobre-bibliotecas-2-0-en-el-navegante","status":"publish","type":"post","link":"http:\/\/aula21.net\/aulablog21\/archives\/2011\/02\/23\/publicado-articulo-sobre-bibliotecas-2-0-en-el-navegante\/","title":{"rendered":"Publicado art\u00edculo sobre bibliotecas 2.0 en El Navegante"},"content":{"rendered":"<p><!--adsense--><br \/>\nAcaba de salir el \u00faltimo n\u00famero de <strong>El Navegant<\/strong>e, la <a href=\"http:\/\/issuu.com\/bibliotecasantiago\" target=\"_blank\">revista de la biblioteca del IES Santiago Ap\u00f3stol <\/a>de Almendralejo. Con este ya son cuatro los n\u00fameros publicados. Se desarrollan las habituales secciones de art\u00edculos, entrevistas a escritores, visita a una biblioteca, libros para pensar y el apartado de opini\u00f3n.  En la misma he publicado un art\u00edculo escrito conjuntamente con mi colega y amigo \u00a0\u00c1ngel Trigueros que es el responsable, entre otras cosas, del<a href=\"http:\/\/bibliotecasantiagoapostol.wordpress.com\/\" target=\"_blank\"> blog de la Biblioteca<\/a>.  El art\u00edculo se titula<strong> \u00bb Las bibliotecas escolares en la web 2.0&#8243;<\/strong> ( p\u00e1ginas 41 a 46 )<br \/>\n<a style=\"margin: 12px auto 6px auto; font-family: Helvetica,Arial,Sans-serif; font-style: normal; font-variant: normal; font-weight: normal; font-size: 14px; line-height: normal; font-size-adjust: none; font-stretch: normal; -x-system-font: none; display: block; text-decoration: underline;\" title=\"View Las bibliotecas escolares en la web 2.0 on Scribd\" href=\"http:\/\/es.scribd.com\/doc\/49413550\/Las-bibliotecas-escolares-en-la-web-2-0\">Las bibliotecas escolares en la web 2.0<\/a> <object id=\"doc_260318623160177\" style=\"outline:none;\" classid=\"clsid:d27cdb6e-ae6d-11cf-96b8-444553540000\" width=\"100%\" height=\"600\" codebase=\"http:\/\/download.macromedia.com\/pub\/shockwave\/cabs\/flash\/swflash.cab#version=6,0,40,0\"><param name=\"name\" value=\"doc_260318623160177\" \/><param name=\"wmode\" value=\"opaque\" \/><param name=\"bgcolor\" value=\"#ffffff\" \/><param name=\"allowFullScreen\" value=\"true\" \/><param name=\"allowScriptAccess\" value=\"always\" \/><param name=\"FlashVars\" value=\"document_id=49413550&amp;access_key=key-1og2p6o7st8nme1b9zfx&amp;page=1&amp;viewMode=list\" \/><param name=\"src\" value=\"http:\/\/d1.scribdassets.com\/ScribdViewer.swf\" \/><param name=\"allowfullscreen\" value=\"true\" \/><embed id=\"doc_260318623160177\" style=\"outline:none;\" type=\"application\/x-shockwave-flash\" width=\"100%\" height=\"600\" src=\"http:\/\/d1.scribdassets.com\/ScribdViewer.swf\" flashvars=\"document_id=49413550&amp;access_key=key-1og2p6o7st8nme1b9zfx&amp;page=1&amp;viewMode=list\" allowscriptaccess=\"always\" allowfullscreen=\"true\" bgcolor=\"#ffffff\" wmode=\"opaque\" name=\"doc_260318623160177\"><\/embed><\/object><\/p>\n<p style=\"text-align: center;\"><strong>Revista completa<\/strong><\/p>\n<div><object style=\"width: 420px; height: 297px;\" classid=\"clsid:d27cdb6e-ae6d-11cf-96b8-444553540000\" width=\"100\" height=\"100\" codebase=\"http:\/\/download.macromedia.com\/pub\/shockwave\/cabs\/flash\/swflash.cab#version=6,0,40,0\"><param name=\"allowfullscreen\" value=\"true\" \/><param name=\"menu\" value=\"false\" \/><param name=\"src\" value=\"http:\/\/static.issuu.com\/webembed\/viewers\/style1\/v1\/IssuuViewer.swf?mode=embed&amp;layout=http%3A%2F%2Fskin.issuu.com%2Fv%2Fcolor%2Flayout.xml&amp;backgroundColor=000000&amp;showFlipBtn=true&amp;documentId=110209084552-9dc3c5bdaf2c4f55b1ed7d028fd6263e&amp;docName=navegantecolor&amp;username=bibliotecasantiago&amp;loadingInfoText=El%20Navegante%204&amp;et=1298488588901&amp;er=26\" \/><param name=\"flashvars\" value=\"mode=embed&amp;layout=http%3A%2F%2Fskin.issuu.com%2Fv%2Fcolor%2Flayout.xml&amp;backgroundColor=000000&amp;showFlipBtn=true&amp;documentId=110209084552-9dc3c5bdaf2c4f55b1ed7d028fd6263e&amp;docName=navegantecolor&amp;username=bibliotecasantiago&amp;loadingInfoText=El%20Navegante%204&amp;et=1298488588901&amp;er=26\" \/><embed style=\"width: 420px; height: 297px;\" type=\"application\/x-shockwave-flash\" width=\"100\" height=\"100\" src=\"http:\/\/static.issuu.com\/webembed\/viewers\/style1\/v1\/IssuuViewer.swf?mode=embed&amp;layout=http%3A%2F%2Fskin.issuu.com%2Fv%2Fcolor%2Flayout.xml&amp;backgroundColor=000000&amp;showFlipBtn=true&amp;documentId=110209084552-9dc3c5bdaf2c4f55b1ed7d028fd6263e&amp;docName=navegantecolor&amp;username=bibliotecasantiago&amp;loadingInfoText=El%20Navegante%204&amp;et=1298488588901&amp;er=26\" flashvars=\"mode=embed&amp;layout=http%3A%2F%2Fskin.issuu.com%2Fv%2Fcolor%2Flayout.xml&amp;backgroundColor=000000&amp;showFlipBtn=true&amp;documentId=110209084552-9dc3c5bdaf2c4f55b1ed7d028fd6263e&amp;docName=navegantecolor&amp;username=bibliotecasantiago&amp;loadingInfoText=El%20Navegante%204&amp;et=1298488588901&amp;er=26\" menu=\"false\" allowfullscreen=\"true\"><\/embed><\/object><\/p>\n<div style=\"width: 420px; text-align: left;\"><a href=\"http:\/\/issuu.com\/bibliotecasantiago\/docs\/navegantecolor?mode=embed&amp;layout=http%3A%2F%2Fskin.issuu.com%2Fv%2Fcolor%2Flayout.xml&amp;backgroundColor=000000&amp;showFlipBtn=true\" target=\"_blank\">Open publication<\/a> &#8211; Free <a href=\"http:\/\/issuu.com\" target=\"_blank\">publishing<\/a> &#8211; <a href=\"http:\/\/issuu.com\/search?q=revista\" target=\"_blank\">More revista<\/a><\/div>\n<div style=\"width: 420px; text-align: left;\"><a href=\"http:\/\/issuu.com\/bibliotecasantiago\/docs\/navegantecolor#download\" target=\"_blank\">Descargar revista en pdf<\/a><\/div>\n<\/div>\n","protected":false},"excerpt":{"rendered":"<p>Acaba de salir el \u00faltimo n\u00famero de El Navegante, la revista de la biblioteca del IES Santiago Ap\u00f3stol de Almendralejo. Con este ya son cuatro los n\u00fameros publicados. Se desarrollan las habituales secciones de art\u00edculos, entrevistas a escritores, visita a una biblioteca, libros para pensar y el apartado de opini\u00f3n. En la misma he publicado [&hellip;]<\/p>\n","protected":false},"author":1,"featured_media":0,"comment_status":"open","ping_status":"open","sticky":false,"template":"","format":"standard","meta":{"footnotes":""},"categories":[17,37,29,7,28],"tags":[],"class_list":["post-4484","post","type-post","status-publish","format-standard","hentry","category-articulos","category-colaboraciones","category-lecturas","category-personal","category-web20"],"_links":{"self":[{"href":"http:\/\/aula21.net\/aulablog21\/wp-json\/wp\/v2\/posts\/4484","targetHints":{"allow":["GET"]}}],"collection":[{"href":"http:\/\/aula21.net\/aulablog21\/wp-json\/wp\/v2\/posts"}],"about":[{"href":"http:\/\/aula21.net\/aulablog21\/wp-json\/wp\/v2\/types\/post"}],"author":[{"embeddable":true,"href":"http:\/\/aula21.net\/aulablog21\/wp-json\/wp\/v2\/users\/1"}],"replies":[{"embeddable":true,"href":"http:\/\/aula21.net\/aulablog21\/wp-json\/wp\/v2\/comments?post=4484"}],"version-history":[{"count":0,"href":"http:\/\/aula21.net\/aulablog21\/wp-json\/wp\/v2\/posts\/4484\/revisions"}],"wp:attachment":[{"href":"http:\/\/aula21.net\/aulablog21\/wp-json\/wp\/v2\/media?parent=4484"}],"wp:term":[{"taxonomy":"category","embeddable":true,"href":"http:\/\/aula21.net\/aulablog21\/wp-json\/wp\/v2\/categories?post=4484"},{"taxonomy":"post_tag","embeddable":true,"href":"http:\/\/aula21.net\/aulablog21\/wp-json\/wp\/v2\/tags?post=4484"}],"curies":[{"name":"wp","href":"https:\/\/api.w.org\/{rel}","templated":true}]}}