{"id":4520,"date":"2011-02-26T20:41:10","date_gmt":"2011-02-26T19:41:10","guid":{"rendered":"http:\/\/aula21.net\/aulablog21\/?p=4520"},"modified":"2011-02-26T20:41:10","modified_gmt":"2011-02-26T19:41:10","slug":"infancia-y-tecnologia","status":"publish","type":"post","link":"http:\/\/aula21.net\/aulablog21\/archives\/2011\/02\/26\/infancia-y-tecnologia\/","title":{"rendered":"Infancia y Tecnolog\u00eda"},"content":{"rendered":"<p style=\"margin-top: 0px; margin-right: 0px; margin-bottom: 15px; margin-left: 0px; outline-width: 0px; outline-style: initial; outline-color: initial; font-weight: inherit; font-style: inherit; font-size: 13px; font-family: inherit; vertical-align: baseline; padding: 0px; border: 0px initial initial;\">El For<a style=\"outline-width: 0px; outline-style: initial; outline-color: initial; font-weight: inherit; font-style: inherit; font-size: 13px; font-family: inherit; vertical-align: baseline; color: #000000; text-decoration: underline; padding: 0px; margin: 0px; border: 0px initial initial;\" href=\"http:\/\/www.generacionesinteractivas.org\/wp-content\/uploads\/2011\/02\/inffancia2.jpg\"><img loading=\"lazy\" decoding=\"async\" style=\"outline-width: 0px; outline-style: initial; outline-color: initial; font-weight: inherit; font-style: inherit; font-size: 13px; font-family: inherit; vertical-align: baseline; float: left; display: inline; padding: 2px; margin: 10px; border: 1px solid #cccccc;\" title=\"inffancia2\" src=\"http:\/\/www.generacionesinteractivas.org\/wp-content\/uploads\/2011\/02\/inffancia2-300x211.jpg\" alt=\"inffancia2\" width=\"242\" height=\"171\" \/><\/a>o <a href=\"http:\/\/www.generacionesinteractivas.org\/\" target=\"_blank\">Generaciones Interactivas<\/a> y <a href=\"http:\/\/www.pantallasamigas.net\/\" target=\"_blank\">Pantallas Amigas<\/a> han lanzado la web\u00a0<a style=\"outline-width: 0px; outline-style: initial; outline-color: initial; font-weight: inherit; font-style: inherit; font-size: 13px; font-family: inherit; vertical-align: baseline; color: #000000; text-decoration: underline; padding: 0px; margin: 0px; border: 0px initial initial;\" href=\"http:\/\/www.infanciaytecnologia.com\/\" target=\"_blank\">Infancia y Tecnolog\u00eda<\/a>, un recurso did\u00e1ctico on line dirigido tanto a ni\u00f1os y ni\u00f1as de 6 a 11 a\u00f1os como a padres y profesores.<\/p>\n<p style=\"margin-top: 0px; margin-right: 0px; margin-bottom: 15px; margin-left: 0px; outline-width: 0px; outline-style: initial; outline-color: initial; font-weight: inherit; font-style: inherit; font-size: 13px; font-family: inherit; vertical-align: baseline; padding: 0px; border: 0px initial initial;\">A trav\u00e9s de tres historias animadas, se abordan aspectos que tienen que ver con el uso seguro y saludable de Internet, los videojuegos y los m\u00f3viles, especialmente desde el punto de vista de aproximaci\u00f3n a los mismos por parte de los adultos. La web busca trasladar de manera l\u00fadica a ni\u00f1os y ni\u00f1as criterios de buen uso de estas tecnolog\u00edas, a la vez que aportan a los adultos una visi\u00f3n cercana y positiva de las mismas.<\/p>\n<p style=\"margin-top: 0px; margin-right: 0px; margin-bottom: 15px; margin-left: 0px; outline-width: 0px; outline-style: initial; outline-color: initial; font-weight: inherit; font-style: inherit; font-size: 13px; font-family: inherit; vertical-align: baseline; padding: 0px; border: 0px initial initial;\"><a href=\"http:\/\/www.infanciaytecnologia.com\/\" target=\"_blank\"><img loading=\"lazy\" decoding=\"async\" class=\"aligncenter size-full wp-image-4521\" title=\"Captura de pantalla 2011-02-26 a las 20.39.04\" src=\"http:\/\/aula21.net\/aulablog21\/wp-content\/uploads\/2011\/02\/Captura-de-pantalla-2011-02-26-a-las-20.39.04.png\" alt=\"Captura de pantalla 2011-02-26 a las 20.39.04\" width=\"470\" height=\"289\" srcset=\"http:\/\/aula21.net\/aulablog21\/wp-content\/uploads\/2011\/02\/Captura-de-pantalla-2011-02-26-a-las-20.39.04.png 470w, http:\/\/aula21.net\/aulablog21\/wp-content\/uploads\/2011\/02\/Captura-de-pantalla-2011-02-26-a-las-20.39.04-300x184.png 300w\" sizes=\"auto, (max-width: 470px) 100vw, 470px\" \/><\/a><\/p>\n<p style=\"margin-top: 0px; margin-right: 0px; margin-bottom: 15px; margin-left: 0px; outline-width: 0px; outline-style: initial; outline-color: initial; font-weight: inherit; font-style: inherit; font-size: 13px; font-family: inherit; vertical-align: baseline; padding: 0px; border: 0px initial initial;\">Las aventuras animadas conectan con la parte l\u00fadica mientras que las gu\u00edas didacticas est\u00e1n orientadas a la acci\u00f3n educadora. La web permite, adem\u00e1s, descargarse las animaciones al tel\u00e9fono m\u00f3vil<\/p>\n","protected":false},"excerpt":{"rendered":"<p>El Foro Generaciones Interactivas y Pantallas Amigas han lanzado la web\u00a0Infancia y Tecnolog\u00eda, un recurso did\u00e1ctico on line dirigido tanto a ni\u00f1os y ni\u00f1as de 6 a 11 a\u00f1os como a padres y profesores. A trav\u00e9s de tres historias animadas, se abordan aspectos que tienen que ver con el uso seguro y saludable de Internet, [&hellip;]<\/p>\n","protected":false},"author":1,"featured_media":0,"comment_status":"open","ping_status":"open","sticky":false,"template":"","format":"standard","meta":{"footnotes":""},"categories":[8,14,18],"tags":[],"class_list":["post-4520","post","type-post","status-publish","format-standard","hentry","category-educacion_e_internet","category-recursos-variados","category-tic"],"_links":{"self":[{"href":"http:\/\/aula21.net\/aulablog21\/wp-json\/wp\/v2\/posts\/4520","targetHints":{"allow":["GET"]}}],"collection":[{"href":"http:\/\/aula21.net\/aulablog21\/wp-json\/wp\/v2\/posts"}],"about":[{"href":"http:\/\/aula21.net\/aulablog21\/wp-json\/wp\/v2\/types\/post"}],"author":[{"embeddable":true,"href":"http:\/\/aula21.net\/aulablog21\/wp-json\/wp\/v2\/users\/1"}],"replies":[{"embeddable":true,"href":"http:\/\/aula21.net\/aulablog21\/wp-json\/wp\/v2\/comments?post=4520"}],"version-history":[{"count":0,"href":"http:\/\/aula21.net\/aulablog21\/wp-json\/wp\/v2\/posts\/4520\/revisions"}],"wp:attachment":[{"href":"http:\/\/aula21.net\/aulablog21\/wp-json\/wp\/v2\/media?parent=4520"}],"wp:term":[{"taxonomy":"category","embeddable":true,"href":"http:\/\/aula21.net\/aulablog21\/wp-json\/wp\/v2\/categories?post=4520"},{"taxonomy":"post_tag","embeddable":true,"href":"http:\/\/aula21.net\/aulablog21\/wp-json\/wp\/v2\/tags?post=4520"}],"curies":[{"name":"wp","href":"https:\/\/api.w.org\/{rel}","templated":true}]}}