{"id":4524,"date":"2011-02-26T21:47:26","date_gmt":"2011-02-26T20:47:26","guid":{"rendered":"http:\/\/aula21.net\/aulablog21\/?p=4524"},"modified":"2011-02-26T21:52:28","modified_gmt":"2011-02-26T20:52:28","slug":"puedo-ser-una-red-social-para-pacientes-que-sugren-trastorno-bipolar","status":"publish","type":"post","link":"http:\/\/aula21.net\/aulablog21\/archives\/2011\/02\/26\/puedo-ser-una-red-social-para-pacientes-que-sugren-trastorno-bipolar\/","title":{"rendered":"Puedo Ser, una red social para pacientes que sufren trastorno bipolar"},"content":{"rendered":"<p><!--adsense--><br \/>\nLas redes sociales han llegado para quedarse, pero me parece de gran inter\u00e9s que no sirvan \u00fanicamente como medio de ocio. \u00a0Desde mediados del a\u00f1o pasado funciona <a href=\"http:\/\/www.puedoser.es\/\" target=\"_blank\">la Red Puedo Ser<\/a> que ya cuenta con mas de 1800 usuarios registrados de los cuales m\u00e1s de 500 son m\u00e9dicos.<\/p>\n<p>Es una red dirigida a personas y familiares que sufren un\u00a0<strong>trastorno afectivo bipolar<\/strong> (TAB), tambi\u00e9n conocido como\u00a0<strong>trastorno bipolar. <\/strong>Es una afecci\u00f3n que implica per\u00edodos de estado de \u00e1nimo irritable o elevado (man\u00eda), alternando con per\u00edodos de depresi\u00f3n y afecta a un 2% de la poblaci\u00f3n.<\/p>\n<p>Un proyecto m\u00e9dico 2.0 de inter\u00e9s social respaldado por<a href=\"http:\/\/www.puedoser.es\/comite-medico\" target=\"_blank\"> prestigiosos m\u00e9dicos.<\/a><\/p>\n<p><a href=\"http:\/\/www.puedoser.es\/\" target=\"_blank\"><img loading=\"lazy\" decoding=\"async\" class=\"aligncenter size-full wp-image-4525\" title=\"Captura de pantalla 2011-02-26 a las 21.36.34\" src=\"http:\/\/aula21.net\/aulablog21\/wp-content\/uploads\/2011\/02\/Captura-de-pantalla-2011-02-26-a-las-21.36.34.png\" alt=\"Captura de pantalla 2011-02-26 a las 21.36.34\" width=\"336\" height=\"99\" srcset=\"http:\/\/aula21.net\/aulablog21\/wp-content\/uploads\/2011\/02\/Captura-de-pantalla-2011-02-26-a-las-21.36.34.png 336w, http:\/\/aula21.net\/aulablog21\/wp-content\/uploads\/2011\/02\/Captura-de-pantalla-2011-02-26-a-las-21.36.34-300x88.png 300w\" sizes=\"auto, (max-width: 336px) 100vw, 336px\" \/><\/a><\/p>\n","protected":false},"excerpt":{"rendered":"<p>Las redes sociales han llegado para quedarse, pero me parece de gran inter\u00e9s que no sirvan \u00fanicamente como medio de ocio. \u00a0Desde mediados del a\u00f1o pasado funciona la Red Puedo Ser que ya cuenta con mas de 1800 usuarios registrados de los cuales m\u00e1s de 500 son m\u00e9dicos. Es una red dirigida a personas y [&hellip;]<\/p>\n","protected":false},"author":1,"featured_media":0,"comment_status":"open","ping_status":"open","sticky":false,"template":"","format":"standard","meta":{"footnotes":""},"categories":[17,23],"tags":[],"class_list":["post-4524","post","type-post","status-publish","format-standard","hentry","category-articulos","category-sociedad"],"_links":{"self":[{"href":"http:\/\/aula21.net\/aulablog21\/wp-json\/wp\/v2\/posts\/4524","targetHints":{"allow":["GET"]}}],"collection":[{"href":"http:\/\/aula21.net\/aulablog21\/wp-json\/wp\/v2\/posts"}],"about":[{"href":"http:\/\/aula21.net\/aulablog21\/wp-json\/wp\/v2\/types\/post"}],"author":[{"embeddable":true,"href":"http:\/\/aula21.net\/aulablog21\/wp-json\/wp\/v2\/users\/1"}],"replies":[{"embeddable":true,"href":"http:\/\/aula21.net\/aulablog21\/wp-json\/wp\/v2\/comments?post=4524"}],"version-history":[{"count":0,"href":"http:\/\/aula21.net\/aulablog21\/wp-json\/wp\/v2\/posts\/4524\/revisions"}],"wp:attachment":[{"href":"http:\/\/aula21.net\/aulablog21\/wp-json\/wp\/v2\/media?parent=4524"}],"wp:term":[{"taxonomy":"category","embeddable":true,"href":"http:\/\/aula21.net\/aulablog21\/wp-json\/wp\/v2\/categories?post=4524"},{"taxonomy":"post_tag","embeddable":true,"href":"http:\/\/aula21.net\/aulablog21\/wp-json\/wp\/v2\/tags?post=4524"}],"curies":[{"name":"wp","href":"https:\/\/api.w.org\/{rel}","templated":true}]}}