{"id":455,"date":"2005-07-20T18:55:00","date_gmt":"2005-07-20T17:55:00","guid":{"rendered":"http:\/\/127.0.0.1\/wordpress2\/index.php\/archives\/2005\/07\/20\/cursos-en-euskadi\/"},"modified":"2005-07-24T19:00:54","modified_gmt":"2005-07-24T18:00:54","slug":"cursos-en-euskadi","status":"publish","type":"post","link":"http:\/\/aula21.net\/aulablog21\/archives\/2005\/07\/20\/cursos-en-euskadi\/","title":{"rendered":"Cursos en Euskadi"},"content":{"rendered":"<p align=\"center\"><img loading=\"lazy\" decoding=\"async\" height=\"278\" alt=\"sansebastian1.jpg\" hspace=\"0\" src=\"\/aulablog21\/subidas\/sansebastian1.jpg\" width=\"370\" align=\"baseline\" border=\"0\" \/><\/p>\n<p>El lunes regres\u00e9 del Pais Vasco donde he estado por 2\u00ba a\u00f1o consecutivo impartiendo cursos de verano en HABE (Instituto para la Euskaldunizaci\u00f3n y Alfabetizaci\u00f3n de Adultos), ente aut\u00f3nomo adscrito al Departamento de Cultura del Gobierno Vasco. Lunes y martes impart\u00ed en Bilbao un curso sobre weblogs de 10 horas de duraci\u00f3n y mi\u00e9rcoles, jueves\u00a0y viernes otro de <a href=\"\/segunda\/hotpotatoes.htm\">Hot Potatoes<\/a> (15 horas)\u00a0en San Seb\u00e1sti\u00e1n.<\/p>\n<p>Agradezco desde aqu\u00ed de nuevo a Joanba Bergara ,responsable del Departamento de Formaci\u00f3n) su exquisito\u00a0trato y lo\u00a0felicito por la magn\u00edfica organizaci\u00f3n del curso. Asimismo agradecer a los t\u00e9cnicos del departamento de formaci\u00f3n Natxo Guill\u00e9n y Agurne Aizpitarte y\u00a0a los alumnos la amabilidad con la\u00a0que me han tratado. <br \/>Algunas cosas acerca del curso de blogs pueden verse en el blog que <a href=\"http:\/\/www.lacoctelera.com\/aula21\">abr\u00ed en La Coctelera.<\/a><\/p>\n<p>El a\u00f1o pasado fu\u00ed solo pero este a\u00f1o he ido con mi mujer e hija nos quedamos un total de siete noches y hemos aprovechado la ocasi\u00f3n para hacer turismo. El Pa\u00eds Vasco es una preciosidad y tambi\u00e9n hemos conocido Biarritz.<br \/>Una de las alumnas del curso de blogs Maite Go\u00f1i ya conoc\u00eda este mundillo y tiene dos blogs <a href=\"http:\/\/ikteroak.blogsome.com\/\">http:\/\/ikteroak.blogsome.com<\/a>\u00a0en el que ha publicado <a href=\"http:\/\/ikteroak.blogsome.com\/2005\/07\/11\/149\/\">este art\u00edculo de mi estancia <\/a>\u00a0y <a href=\"http:\/\/euskaljakintza.blogsome.com\/\">http:\/\/euskaljakintza.blogsome.com<\/a>\u00a0que piensa usar el pr\u00f3ximo curso con sus alumnos.<\/p>\n<p align=\"center\"><img loading=\"lazy\" decoding=\"async\" height=\"263\" alt=\"sansebastian2.jpg\" hspace=\"0\" src=\"\/aulablog21\/subidas\/sansebastian2.jpg\" width=\"350\" align=\"baseline\" border=\"0\" \/><\/p>\n<p \/>\n<p>En esta estoy con Endika ( profesor del Dpto de Esuskera de la\u00a0<!--StartFragment -->\u00a0Academia de Polic\u00eda del Pais Vasco)\u00a0que se llev\u00f3 la c\u00e1mara para hacer las fotos y es un fan de <a>aula21.net<\/a>, diariamente recorri\u00f3\u00a0m\u00e1s de 400 kil\u00f3metros para asistir al curso y lo m\u00e1s valioso para mi, dijo que le hab\u00eda merecido la pena el esfuerzo.<\/><\/p>\n<p>Gracias a todos y espero volver de nuevo al pr\u00f3ximo verano.<\/p>\n<p \/>\n<p \/>\n<p \/>\n<p \/>\n<\/p><\/p>\n","protected":false},"excerpt":{"rendered":"<p>El lunes regres\u00e9 del Pais Vasco donde he estado por 2\u00ba a\u00f1o consecutivo impartiendo cursos de verano en HABE (Instituto para la Euskaldunizaci\u00f3n y Alfabetizaci\u00f3n de Adultos), ente aut\u00f3nomo adscrito al Departamento de Cultura del Gobierno Vasco. Lunes y martes impart\u00ed en Bilbao un curso sobre weblogs de 10 horas de duraci\u00f3n y mi\u00e9rcoles, jueves\u00a0y [&hellip;]<\/p>\n","protected":false},"author":1,"featured_media":0,"comment_status":"open","ping_status":"open","sticky":false,"template":"","format":"standard","meta":{"footnotes":""},"categories":[7,2],"tags":[],"class_list":["post-455","post","type-post","status-publish","format-standard","hentry","category-personal","category-weblogs_en_el_aula"],"_links":{"self":[{"href":"http:\/\/aula21.net\/aulablog21\/wp-json\/wp\/v2\/posts\/455","targetHints":{"allow":["GET"]}}],"collection":[{"href":"http:\/\/aula21.net\/aulablog21\/wp-json\/wp\/v2\/posts"}],"about":[{"href":"http:\/\/aula21.net\/aulablog21\/wp-json\/wp\/v2\/types\/post"}],"author":[{"embeddable":true,"href":"http:\/\/aula21.net\/aulablog21\/wp-json\/wp\/v2\/users\/1"}],"replies":[{"embeddable":true,"href":"http:\/\/aula21.net\/aulablog21\/wp-json\/wp\/v2\/comments?post=455"}],"version-history":[{"count":0,"href":"http:\/\/aula21.net\/aulablog21\/wp-json\/wp\/v2\/posts\/455\/revisions"}],"wp:attachment":[{"href":"http:\/\/aula21.net\/aulablog21\/wp-json\/wp\/v2\/media?parent=455"}],"wp:term":[{"taxonomy":"category","embeddable":true,"href":"http:\/\/aula21.net\/aulablog21\/wp-json\/wp\/v2\/categories?post=455"},{"taxonomy":"post_tag","embeddable":true,"href":"http:\/\/aula21.net\/aulablog21\/wp-json\/wp\/v2\/tags?post=455"}],"curies":[{"name":"wp","href":"https:\/\/api.w.org\/{rel}","templated":true}]}}