{"id":4561,"date":"2011-03-01T21:28:12","date_gmt":"2011-03-01T20:28:12","guid":{"rendered":"http:\/\/aula21.net\/aulablog21\/?p=4561"},"modified":"2011-03-01T21:47:40","modified_gmt":"2011-03-01T20:47:40","slug":"la-revista-electronica-familias-pediatras-y-adolescentes-en-la-red-famiped","status":"publish","type":"post","link":"http:\/\/aula21.net\/aulablog21\/archives\/2011\/03\/01\/la-revista-electronica-familias-pediatras-y-adolescentes-en-la-red-famiped\/","title":{"rendered":"La Revista electr\u00f3nica Familias, pediatras y adolescentes en la Red (FAMIPED)"},"content":{"rendered":"<p><!--adsense--><br \/>\n<a href=\"http:\/\/aula21.net\/aulablog21\/wp-content\/uploads\/2011\/03\/LOGO-FAMIPED-con-AEPap_reasonably_small.jpg\"><img loading=\"lazy\" decoding=\"async\" class=\"alignleft size-full wp-image-4562\" style=\"margin: 9px;\" title=\"LOGO-FAMIPED-con-AEPap_reasonably_small\" src=\"http:\/\/aula21.net\/aulablog21\/wp-content\/uploads\/2011\/03\/LOGO-FAMIPED-con-AEPap_reasonably_small.jpg\" alt=\"LOGO-FAMIPED-con-AEPap_reasonably_small\" width=\"128\" height=\"128\" \/><\/a>Hoy \u00a0he conocido <a href=\"http:\/\/www.famiped.es\/\" target=\"_blank\">FAMIPED, la Revista electr\u00f3nica Familias, pediatras y adolescentes <\/a>en la Red y me ha causado una grata impresi\u00f3n. El equipo de redacci\u00f3n de FAMIPED lo constituye un grupo de Pediatras de Atenci\u00f3n Primaria, educadores y padres.<br \/>\nEn el n\u00famero de febrero encontrar\u00e1n un art\u00edculo sobre los trastornos de tipo autista expuesto de forma muy did\u00e1ctica, como preguntas y respuestas. Adem\u00e1s, en esa misma l\u00ednea, un padre escribe sobre su hija que padece un S. de Rett y sobre c\u00f3mo el deporte les est\u00e1 ayudando a ambos. Tambi\u00e9n se publica el 3\u00ba de la serie de art\u00edculos sobre prevenci\u00f3n de accidentes seg\u00fan la edad, en este caso en ni\u00f1os de entre 5 y 9 a\u00f1os, asimismo encontrar\u00e1n un escrito sobre la importancia del desayuno y muchos m\u00e1s contenidos que como padre y docente te resultar\u00e1n de inter\u00e9s.<br \/>\nEl v\u00eddeo recomendado este mes me ha encantado, trata sobre la historia de Luis Soriano, un profesor de Colombia que transmite a los ni\u00f1os de su pa\u00eds el amor por los libros con m\u00e9todos nada convencionales<br \/>\n<iframe loading=\"lazy\" title=\"YouTube video player\" width=\"480\" height=\"349\" src=\"http:\/\/www.youtube.com\/embed\/wuTswmx9TQU\" frameborder=\"0\" allowfullscreen><\/iframe><\/p>\n","protected":false},"excerpt":{"rendered":"<p>Hoy \u00a0he conocido FAMIPED, la Revista electr\u00f3nica Familias, pediatras y adolescentes en la Red y me ha causado una grata impresi\u00f3n. El equipo de redacci\u00f3n de FAMIPED lo constituye un grupo de Pediatras de Atenci\u00f3n Primaria, educadores y padres. En el n\u00famero de febrero encontrar\u00e1n un art\u00edculo sobre los trastornos de tipo autista expuesto de [&hellip;]<\/p>\n","protected":false},"author":1,"featured_media":0,"comment_status":"open","ping_status":"open","sticky":false,"template":"","format":"standard","meta":{"footnotes":""},"categories":[29,14],"tags":[],"class_list":["post-4561","post","type-post","status-publish","format-standard","hentry","category-lecturas","category-recursos-variados"],"_links":{"self":[{"href":"http:\/\/aula21.net\/aulablog21\/wp-json\/wp\/v2\/posts\/4561","targetHints":{"allow":["GET"]}}],"collection":[{"href":"http:\/\/aula21.net\/aulablog21\/wp-json\/wp\/v2\/posts"}],"about":[{"href":"http:\/\/aula21.net\/aulablog21\/wp-json\/wp\/v2\/types\/post"}],"author":[{"embeddable":true,"href":"http:\/\/aula21.net\/aulablog21\/wp-json\/wp\/v2\/users\/1"}],"replies":[{"embeddable":true,"href":"http:\/\/aula21.net\/aulablog21\/wp-json\/wp\/v2\/comments?post=4561"}],"version-history":[{"count":0,"href":"http:\/\/aula21.net\/aulablog21\/wp-json\/wp\/v2\/posts\/4561\/revisions"}],"wp:attachment":[{"href":"http:\/\/aula21.net\/aulablog21\/wp-json\/wp\/v2\/media?parent=4561"}],"wp:term":[{"taxonomy":"category","embeddable":true,"href":"http:\/\/aula21.net\/aulablog21\/wp-json\/wp\/v2\/categories?post=4561"},{"taxonomy":"post_tag","embeddable":true,"href":"http:\/\/aula21.net\/aulablog21\/wp-json\/wp\/v2\/tags?post=4561"}],"curies":[{"name":"wp","href":"https:\/\/api.w.org\/{rel}","templated":true}]}}