{"id":4614,"date":"2011-03-05T20:19:24","date_gmt":"2011-03-05T19:19:24","guid":{"rendered":"http:\/\/aula21.net\/aulablog21\/?p=4614"},"modified":"2011-03-06T13:58:51","modified_gmt":"2011-03-06T12:58:51","slug":"el-tinglado-cumple-cinco-anos","status":"publish","type":"post","link":"http:\/\/aula21.net\/aulablog21\/archives\/2011\/03\/05\/el-tinglado-cumple-cinco-anos\/","title":{"rendered":"El Tinglado cumple cinco a\u00f1os"},"content":{"rendered":"<p><!--adsense--><br \/>\n\u00bfNo conoces<a href=\"http:\/\/www.tinglado.net\/?\" target=\"_blank\"> el Tinglado<\/a>? me extra\u00f1a, se trata del blog de aula colaborativo de profesores m\u00e1s famoso de Espa\u00f1a.<\/p>\n<p>Del mismo forman parte algunos de mis mejores amigos de la red, entre ellos <a href=\"http:\/\/centros5.pntic.mec.es\/ies.maria.guerrero\/tic\/\">Alejandro Valero<\/a> uno de sus fundadores, al que podemos escuchar durante su intervenci\u00f3n en el <a href=\"http:\/\/aula21.net\/aulablog21\/archives\/2009\/03\/26\/cronica-del-encuentro-de-experiencias-escuela-20-en-el-isftic\/\" target=\"_blank\">Primer Encuentro Escuela 2.0<\/a> celebrado en el ITE al que asist\u00ed como ponente:<br \/>\n<object style=\"width: 400px; height: 300px;\" classid=\"clsid:d27cdb6e-ae6d-11cf-96b8-444553540000\" width=\"100\" height=\"100\" codebase=\"http:\/\/download.macromedia.com\/pub\/shockwave\/cabs\/flash\/swflash.cab#version=6,0,40,0\"><param name=\"quality\" value=\"high\" \/><param name=\"wmode\" value=\"transparent\" \/><param name=\"bgcolor\" value=\"#010101\" \/><param name=\"autoplay\" value=\"false\" \/><param name=\"allowfullscreen\" value=\"true\" \/><param name=\"allowscriptaccess\" value=\"always\" \/><param name=\"flashvars\" value=\"file=http:\/\/www.mepsyd.es\/descargas-cnice\/contenidos\/eee20\/Ponencia_13_Alejandro_Valero.flv&amp;autostart=false&amp;fullscreen=true\" \/><param name=\"src\" value=\"http:\/\/recursostic.educacion.es\/buenaspracticas20\/version\/v2\/plugins\/content\/jw_allvideos\/includes\/players\/mediaplayer\/player.swf\" \/><embed style=\"width: 400px; height: 300px;\" type=\"application\/x-shockwave-flash\" width=\"100\" height=\"100\" src=\"http:\/\/recursostic.educacion.es\/buenaspracticas20\/version\/v2\/plugins\/content\/jw_allvideos\/includes\/players\/mediaplayer\/player.swf\" flashvars=\"file=http:\/\/www.mepsyd.es\/descargas-cnice\/contenidos\/eee20\/Ponencia_13_Alejandro_Valero.flv&amp;autostart=false&amp;fullscreen=true\" allowscriptaccess=\"always\" allowfullscreen=\"true\" autoplay=\"false\" bgcolor=\"#010101\" wmode=\"transparent\" quality=\"high\"><\/embed><\/object><\/p>\n<p>Para conmemorar su quinto aniversario, han preparado preciosas  sorpresas, el libro del Tinglado, una l\u00ednea del tiempo, las voces del Tinglado y un video-cuestionario sobre las TIC en educaci\u00f3n propuesto por <a href=\"http:\/\/www.interpeques2.com\/\" target=\"_blank\">Javier Escajedo<\/a> al que considero uno de los pioneros y maestros en el uso de las TIC en el aula, lo mejor es acceder a todo ello haciendo <a href=\"http:\/\/www.tinglado.net\/?id=nuestro-tinglado-ya-dura-cinco-anos\" target=\"_blank\">clic en la imagen <\/a>:<\/p>\n<p style=\"text-align: center;\"><a href=\"http:\/\/www.tinglado.net\/?id=nuestro-tinglado-ya-dura-cinco-anos\" target=\"_blank\"><img loading=\"lazy\" decoding=\"async\" class=\"aligncenter size-full wp-image-4615\" title=\"Captura de pantalla 2011-03-05 a las 20.02.25\" src=\"http:\/\/aula21.net\/aulablog21\/wp-content\/uploads\/2011\/03\/Captura-de-pantalla-2011-03-05-a-las-20.02.25.png\" alt=\"Captura de pantalla 2011-03-05 a las 20.02.25\" width=\"472\" height=\"312\" srcset=\"http:\/\/aula21.net\/aulablog21\/wp-content\/uploads\/2011\/03\/Captura-de-pantalla-2011-03-05-a-las-20.02.25.png 524w, http:\/\/aula21.net\/aulablog21\/wp-content\/uploads\/2011\/03\/Captura-de-pantalla-2011-03-05-a-las-20.02.25-300x199.png 300w\" sizes=\"auto, (max-width: 472px) 100vw, 472px\" \/><\/a><\/p>\n<p style=\"text-align: center;\">No puedo dejar de recordar que El Tinglado gan\u00f3 el prestigioso <a href=\"http:\/\/aula21.net\/aulablog21\/archives\/2007\/12\/09\/ganadores-del-edublog-awards-2007el-tinglado-entre-ellos\/\" target=\"_blank\">premio Edublog Award en el a\u00f1o 2007<\/a>.<\/p>\n<p>Mi admiraci\u00f3n yfelicitaci\u00f3n m\u00e1s sincera a todos ellos, que a su vez tienen blogs individuales cuya visita es ineludible para todo docente que quiera aprender a usar las TIC con maestr\u00eda. Nos vamos haciendo viejos, mejor dicho veteranos y eso se nota en que cada vez con m\u00e1s frecuencia nos gusta contar batallitas.<\/p>\n","protected":false},"excerpt":{"rendered":"<p>\u00bfNo conoces el Tinglado? me extra\u00f1a, se trata del blog de aula colaborativo de profesores m\u00e1s famoso de Espa\u00f1a. Del mismo forman parte algunos de mis mejores amigos de la red, entre ellos Alejandro Valero uno de sus fundadores, al que podemos escuchar durante su intervenci\u00f3n en el Primer Encuentro Escuela 2.0 celebrado en el [&hellip;]<\/p>\n","protected":false},"author":1,"featured_media":0,"comment_status":"open","ping_status":"open","sticky":false,"template":"","format":"standard","meta":{"footnotes":""},"categories":[8,25,2],"tags":[],"class_list":["post-4614","post","type-post","status-publish","format-standard","hentry","category-educacion_e_internet","category-eventos","category-weblogs_en_el_aula"],"_links":{"self":[{"href":"http:\/\/aula21.net\/aulablog21\/wp-json\/wp\/v2\/posts\/4614","targetHints":{"allow":["GET"]}}],"collection":[{"href":"http:\/\/aula21.net\/aulablog21\/wp-json\/wp\/v2\/posts"}],"about":[{"href":"http:\/\/aula21.net\/aulablog21\/wp-json\/wp\/v2\/types\/post"}],"author":[{"embeddable":true,"href":"http:\/\/aula21.net\/aulablog21\/wp-json\/wp\/v2\/users\/1"}],"replies":[{"embeddable":true,"href":"http:\/\/aula21.net\/aulablog21\/wp-json\/wp\/v2\/comments?post=4614"}],"version-history":[{"count":0,"href":"http:\/\/aula21.net\/aulablog21\/wp-json\/wp\/v2\/posts\/4614\/revisions"}],"wp:attachment":[{"href":"http:\/\/aula21.net\/aulablog21\/wp-json\/wp\/v2\/media?parent=4614"}],"wp:term":[{"taxonomy":"category","embeddable":true,"href":"http:\/\/aula21.net\/aulablog21\/wp-json\/wp\/v2\/categories?post=4614"},{"taxonomy":"post_tag","embeddable":true,"href":"http:\/\/aula21.net\/aulablog21\/wp-json\/wp\/v2\/tags?post=4614"}],"curies":[{"name":"wp","href":"https:\/\/api.w.org\/{rel}","templated":true}]}}