{"id":466,"date":"2005-07-27T20:38:02","date_gmt":"2005-07-27T19:38:02","guid":{"rendered":"http:\/\/127.0.0.1\/wordpress2\/index.php\/archives\/2005\/07\/27\/cambiando-habitos-de-vida\/"},"modified":"2005-07-28T11:28:36","modified_gmt":"2005-07-28T10:28:36","slug":"cambiando-habitos-de-vida","status":"publish","type":"post","link":"http:\/\/aula21.net\/aulablog21\/archives\/2005\/07\/27\/cambiando-habitos-de-vida\/","title":{"rendered":"Cambiando h\u00e1bitos de vida"},"content":{"rendered":"<p>Este mes estoy cambiando para mejor mis h\u00e1bitos\/vicios, empec\u00e9 por sustituir los tres caf\u00e9s cortados que me tomaba al d\u00eda por dos descafeinados con lo cual me siento m\u00e1s relajado y duermo mejor.<\/p>\n<p>El pasado s\u00e1bado despu\u00e9s de un extraordinario d\u00eda de campo en una piscina natural de Portagem (Portugal) sent\u00ed un dolor en el pecho en la zona del coraz\u00f3n que me asust\u00f3 un mont\u00f3n y decid\u00ed dejar de fumar, hoy es el cuarto d\u00eda y lo llevo bastante bien. Me hice ayer una revisi\u00f3n en el m\u00e9dico de cabecera, electrocardiograma incluido y no me not\u00f3 nada raro, esperemos que sea algo de tipo muscular o del estres acumulado de todo el curso. Sea lo que sea me alegro si logro dejar de fumar el resto de mi vida.<br \/>El beneficio para mi salud no va a quedar s\u00f3lo en quitar caf\u00e9 y tabaco, he notado que ahora ya no me seduce tanto el ordenador por lo que mi actividad en internet espero que tambi\u00e9n se vea notablemente reducida.<\/p>\n<p>Quiero volver a hacer otras cosas como pasear m\u00e1s y leer libros en papel, nada de pantalla, son ya varios a\u00f1os dedic\u00e1ndole excesivo tiempo a Internet, los a\u00f1os no pasan en balde y mi salud se ha resentido un poco pero desde luego que pienso ponerle remedio.<\/p>\n<p>Por cierto me gust\u00f3 tanto Portagem , el pueblito portugu\u00e9s situado a 3 Km de <a href=\"http:\/\/elmundoviajes.elmundo.es\/elmundoviajes\/especiales\/2003\/11\/portugal\/ruta.html?cual=41\">Marvao<\/a> , que he alquilado una casa al lado de la piscina natural del 7 al 15 de Agosto, all\u00ed reforzar\u00e9 mi proceso de desintoxicaci\u00f3n.<\/p>\n<p>Me ha ayudado bastante a concienciarme que he de dejar el tabaco para siempre el famoso libro de Allen Carr <a href=\"http:\/\/www.ciao.es\/Es_facil_dejar_de_fumar_Si_sabes_como_Allen_Carr__369412\">&quot; Es f\u00e1cil dejar de fumar, si sabes c\u00f3mo&quot;,<\/a> que adquir\u00ed hace unos meses. Te lo recomiendo siempre que estes convencido de que quieres dejar de fumar y no enga\u00f1arte, probablemente no te dir\u00e1 nada que no sepas, sin embargo ahondar\u00e1 en el porqu\u00e9 de tu adicci\u00f3n .<\/p>\n","protected":false},"excerpt":{"rendered":"<p>Este mes estoy cambiando para mejor mis h\u00e1bitos\/vicios, empec\u00e9 por sustituir los tres caf\u00e9s cortados que me tomaba al d\u00eda por dos descafeinados con lo cual me siento m\u00e1s relajado y duermo mejor. El pasado s\u00e1bado despu\u00e9s de un extraordinario d\u00eda de campo en una piscina natural de Portagem (Portugal) sent\u00ed un dolor en el [&hellip;]<\/p>\n","protected":false},"author":1,"featured_media":0,"comment_status":"open","ping_status":"open","sticky":false,"template":"","format":"standard","meta":{"footnotes":""},"categories":[7],"tags":[],"class_list":["post-466","post","type-post","status-publish","format-standard","hentry","category-personal"],"_links":{"self":[{"href":"http:\/\/aula21.net\/aulablog21\/wp-json\/wp\/v2\/posts\/466","targetHints":{"allow":["GET"]}}],"collection":[{"href":"http:\/\/aula21.net\/aulablog21\/wp-json\/wp\/v2\/posts"}],"about":[{"href":"http:\/\/aula21.net\/aulablog21\/wp-json\/wp\/v2\/types\/post"}],"author":[{"embeddable":true,"href":"http:\/\/aula21.net\/aulablog21\/wp-json\/wp\/v2\/users\/1"}],"replies":[{"embeddable":true,"href":"http:\/\/aula21.net\/aulablog21\/wp-json\/wp\/v2\/comments?post=466"}],"version-history":[{"count":0,"href":"http:\/\/aula21.net\/aulablog21\/wp-json\/wp\/v2\/posts\/466\/revisions"}],"wp:attachment":[{"href":"http:\/\/aula21.net\/aulablog21\/wp-json\/wp\/v2\/media?parent=466"}],"wp:term":[{"taxonomy":"category","embeddable":true,"href":"http:\/\/aula21.net\/aulablog21\/wp-json\/wp\/v2\/categories?post=466"},{"taxonomy":"post_tag","embeddable":true,"href":"http:\/\/aula21.net\/aulablog21\/wp-json\/wp\/v2\/tags?post=466"}],"curies":[{"name":"wp","href":"https:\/\/api.w.org\/{rel}","templated":true}]}}