{"id":4695,"date":"2011-03-12T20:59:32","date_gmt":"2011-03-12T19:59:32","guid":{"rendered":"http:\/\/aula21.net\/aulablog21\/?p=4695"},"modified":"2011-03-12T20:59:59","modified_gmt":"2011-03-12T19:59:59","slug":"coleccion-educ-ar-cd-26","status":"publish","type":"post","link":"http:\/\/aula21.net\/aulablog21\/archives\/2011\/03\/12\/coleccion-educ-ar-cd-26\/","title":{"rendered":"Colecci\u00f3n educ.ar Cd 26"},"content":{"rendered":"<p><a href=\"www.educ.ar\" target=\"_blank\">educ.ar <\/a> es el portal educativo de Argentina, una de sus l\u00edneas de trabajo es la producci\u00f3n de contenidos educativos multimedia para docentes, a los que puede accederse a trav\u00e9s del portal\u00a0<strong> o de los <a href=\"http:\/\/coleccion.educ.ar\/\" target=\"_blank\">CD de la\u00a0Colecci\u00f3n educ.ar<\/a>.<\/strong><\/p>\n<p>Esta tarde he disfrutado viendo los <a href=\"http:\/\/coleccion.educ.ar\/coleccion\/CD26\/iniciocd26.html\" target=\"_blank\">contenidos del Cd 26 <\/a> que permiten a cualquier docente de forma autodidacta aprender a sacarle partido a la red.<\/p>\n<p style=\"text-align: center;\"><a href=\"http:\/\/coleccion.educ.ar\/coleccion\/CD26\/iniciocd26.html\" target=\"_blank\"><img loading=\"lazy\" decoding=\"async\" class=\"aligncenter size-full wp-image-4696\" title=\"Captura de pantalla 2011-03-12 a las 20.57.27\" src=\"http:\/\/aula21.net\/aulablog21\/wp-content\/uploads\/2011\/03\/Captura-de-pantalla-2011-03-12-a-las-20.57.27.png\" alt=\"Captura de pantalla 2011-03-12 a las 20.57.27\" width=\"479\" height=\"231\" srcset=\"http:\/\/aula21.net\/aulablog21\/wp-content\/uploads\/2011\/03\/Captura-de-pantalla-2011-03-12-a-las-20.57.27.png 749w, http:\/\/aula21.net\/aulablog21\/wp-content\/uploads\/2011\/03\/Captura-de-pantalla-2011-03-12-a-las-20.57.27-300x145.png 300w\" sizes=\"auto, (max-width: 479px) 100vw, 479px\" \/><\/a><\/p>\n","protected":false},"excerpt":{"rendered":"<p>educ.ar es el portal educativo de Argentina, una de sus l\u00edneas de trabajo es la producci\u00f3n de contenidos educativos multimedia para docentes, a los que puede accederse a trav\u00e9s del portal\u00a0 o de los CD de la\u00a0Colecci\u00f3n educ.ar. Esta tarde he disfrutado viendo los contenidos del Cd 26 que permiten a cualquier docente de forma [&hellip;]<\/p>\n","protected":false},"author":1,"featured_media":0,"comment_status":"open","ping_status":"open","sticky":false,"template":"","format":"standard","meta":{"footnotes":""},"categories":[38,28],"tags":[],"class_list":["post-4695","post","type-post","status-publish","format-standard","hentry","category-formacion","category-web20"],"_links":{"self":[{"href":"http:\/\/aula21.net\/aulablog21\/wp-json\/wp\/v2\/posts\/4695","targetHints":{"allow":["GET"]}}],"collection":[{"href":"http:\/\/aula21.net\/aulablog21\/wp-json\/wp\/v2\/posts"}],"about":[{"href":"http:\/\/aula21.net\/aulablog21\/wp-json\/wp\/v2\/types\/post"}],"author":[{"embeddable":true,"href":"http:\/\/aula21.net\/aulablog21\/wp-json\/wp\/v2\/users\/1"}],"replies":[{"embeddable":true,"href":"http:\/\/aula21.net\/aulablog21\/wp-json\/wp\/v2\/comments?post=4695"}],"version-history":[{"count":0,"href":"http:\/\/aula21.net\/aulablog21\/wp-json\/wp\/v2\/posts\/4695\/revisions"}],"wp:attachment":[{"href":"http:\/\/aula21.net\/aulablog21\/wp-json\/wp\/v2\/media?parent=4695"}],"wp:term":[{"taxonomy":"category","embeddable":true,"href":"http:\/\/aula21.net\/aulablog21\/wp-json\/wp\/v2\/categories?post=4695"},{"taxonomy":"post_tag","embeddable":true,"href":"http:\/\/aula21.net\/aulablog21\/wp-json\/wp\/v2\/tags?post=4695"}],"curies":[{"name":"wp","href":"https:\/\/api.w.org\/{rel}","templated":true}]}}