{"id":474,"date":"2005-08-07T19:24:14","date_gmt":"2005-08-07T18:24:14","guid":{"rendered":"http:\/\/127.0.0.1\/wordpress2\/index.php\/archives\/2005\/08\/07\/revista-novas-tecnologias-na-educacao\/"},"modified":"2005-08-07T19:24:14","modified_gmt":"2005-08-07T18:24:14","slug":"revista-novas-tecnologias-na-educacao","status":"publish","type":"post","link":"http:\/\/aula21.net\/aulablog21\/archives\/2005\/08\/07\/revista-novas-tecnologias-na-educacao\/","title":{"rendered":"Revista Novas Tecnologias na Educa\u00e7\u00e3o"},"content":{"rendered":"<p>Me entero gracias a <a href=\"http:\/\/paginas.terra.com.br\/educacao\/Gutierrez\/\" target=\"_blank\">Susana<\/a> que est\u00e1 disponible on line la <b>Revista Novas Tecnologias na Educa\u00e7\u00e3o &#8211; RENOTE<\/b> do <a href=\"http:\/\/www.cinted.ufrgs.br\/\" target=\"_blank\">CINTED\/UFRGS<\/a>. Entre los art\u00edculos tenemos el titulado <b><a href=\"http:\/\/www.cinted.ufrgs.br\/renote\/maio2005\/artigos\/a15_welogs.pdf\" target=\"_blank\">Weblogs e educa\u00e7\u00e3o: contribui\u00e7\u00e3o para a constru\u00e7\u00e3o de uma teoria<\/a><\/b>, de nuestra amiga\u00a0Susana Gutierrez.<\/p>\n","protected":false},"excerpt":{"rendered":"<p>Me entero gracias a Susana que est\u00e1 disponible on line la Revista Novas Tecnologias na Educa\u00e7\u00e3o &#8211; RENOTE do CINTED\/UFRGS. Entre los art\u00edculos tenemos el titulado Weblogs e educa\u00e7\u00e3o: contribui\u00e7\u00e3o para a constru\u00e7\u00e3o de uma teoria, de nuestra amiga\u00a0Susana Gutierrez.<\/p>\n","protected":false},"author":1,"featured_media":0,"comment_status":"open","ping_status":"open","sticky":false,"template":"","format":"standard","meta":{"footnotes":""},"categories":[2],"tags":[],"class_list":["post-474","post","type-post","status-publish","format-standard","hentry","category-weblogs_en_el_aula"],"_links":{"self":[{"href":"http:\/\/aula21.net\/aulablog21\/wp-json\/wp\/v2\/posts\/474","targetHints":{"allow":["GET"]}}],"collection":[{"href":"http:\/\/aula21.net\/aulablog21\/wp-json\/wp\/v2\/posts"}],"about":[{"href":"http:\/\/aula21.net\/aulablog21\/wp-json\/wp\/v2\/types\/post"}],"author":[{"embeddable":true,"href":"http:\/\/aula21.net\/aulablog21\/wp-json\/wp\/v2\/users\/1"}],"replies":[{"embeddable":true,"href":"http:\/\/aula21.net\/aulablog21\/wp-json\/wp\/v2\/comments?post=474"}],"version-history":[{"count":0,"href":"http:\/\/aula21.net\/aulablog21\/wp-json\/wp\/v2\/posts\/474\/revisions"}],"wp:attachment":[{"href":"http:\/\/aula21.net\/aulablog21\/wp-json\/wp\/v2\/media?parent=474"}],"wp:term":[{"taxonomy":"category","embeddable":true,"href":"http:\/\/aula21.net\/aulablog21\/wp-json\/wp\/v2\/categories?post=474"},{"taxonomy":"post_tag","embeddable":true,"href":"http:\/\/aula21.net\/aulablog21\/wp-json\/wp\/v2\/tags?post=474"}],"curies":[{"name":"wp","href":"https:\/\/api.w.org\/{rel}","templated":true}]}}