{"id":480,"date":"2005-08-18T21:01:26","date_gmt":"2005-08-18T20:01:26","guid":{"rendered":"http:\/\/127.0.0.1\/wordpress2\/index.php\/archives\/2005\/08\/18\/loe-limites-y-logros-del-talante-socialdemocrata\/"},"modified":"2005-08-18T21:23:03","modified_gmt":"2005-08-18T20:23:03","slug":"loe-limites-y-logros-del-talante-socialdemocrata","status":"publish","type":"post","link":"http:\/\/aula21.net\/aulablog21\/archives\/2005\/08\/18\/loe-limites-y-logros-del-talante-socialdemocrata\/","title":{"rendered":"LOE: l\u00edmites y logros del talante socialdem\u00f3crata"},"content":{"rendered":"<p><a href=\"http:\/\/www.cuadernosdepedagogia.com\/ver_pdf.asp?idArt=9252\" target=\"_blank\">LOE: l\u00edmites y logros del talante socialdem\u00f3crata<\/a>, es el t\u00edtulo del art\u00edculo\u00a0que\u00a0Rafael Feito Alonso profesor de sociolog\u00eda de la Universidad Complutense de Madrid ha publicado <a href=\"http:\/\/www.cuadernosdepedagogia.com\/portada.asp?mes=6&#038;anyo=2005\">en el n\u00ba 347 de\u00a0Cuadernos de Pedagog\u00eda,\u00a0 Junio 2005.<\/a><\/p>\n<p>Hace un an\u00e1lisis sobre <a href=\"http:\/\/www.sociedadfilosofia.org\/publicac\/Anteproyecto_LOE_14-06-2005.pdf\" target=\"_blank\">el anteproyecto de Ley Org\u00e1nica de Educaci\u00f3n<\/a> que, seg\u00fan \u00e9l, adolece de problemas importantes: no se fundamenta en un verdadero diagn\u00f3stico, pone en cuesti\u00f3n el car\u00e1cter comprensivo, omite una aut\u00e9ntica discusi\u00f3n sobre la repetici\u00f3n de curso, impone el uso de libros de texto y deja poco margen de maniobra al tema de la religi\u00f3n en el curr\u00edculo.<\/p>\n<p><a href=\"http:\/\/www.cuadernosdepedagogia.com\/\" target=\"_blank\">El n\u00famero de Julio<\/a>\u00a0trae un interesante monogr\u00e1fico acerca de <a class=\"cabecera\" title=\"Ver el art\u00edculo\" href=\"http:\/\/www.cuadernosdepedagogia.com\/ver_detalleArt.asp?idArt=9324&#038;action=ver\">La reforma que viene<\/a>. <\/p>\n<p \/>\n<p \/>\n<p><a href=\"http:\/\/firgoa.usc.es\/drupal\/blog\" target=\"_blank\"><\/a><\/p>\n<p \/>\n<p \/>\n<\/p><\/p>\n","protected":false},"excerpt":{"rendered":"<p>LOE: l\u00edmites y logros del talante socialdem\u00f3crata, es el t\u00edtulo del art\u00edculo\u00a0que\u00a0Rafael Feito Alonso profesor de sociolog\u00eda de la Universidad Complutense de Madrid ha publicado en el n\u00ba 347 de\u00a0Cuadernos de Pedagog\u00eda,\u00a0 Junio 2005. Hace un an\u00e1lisis sobre el anteproyecto de Ley Org\u00e1nica de Educaci\u00f3n que, seg\u00fan \u00e9l, adolece de problemas importantes: no se fundamenta [&hellip;]<\/p>\n","protected":false},"author":1,"featured_media":0,"comment_status":"open","ping_status":"open","sticky":false,"template":"","format":"standard","meta":{"footnotes":""},"categories":[8],"tags":[],"class_list":["post-480","post","type-post","status-publish","format-standard","hentry","category-educacion_e_internet"],"_links":{"self":[{"href":"http:\/\/aula21.net\/aulablog21\/wp-json\/wp\/v2\/posts\/480","targetHints":{"allow":["GET"]}}],"collection":[{"href":"http:\/\/aula21.net\/aulablog21\/wp-json\/wp\/v2\/posts"}],"about":[{"href":"http:\/\/aula21.net\/aulablog21\/wp-json\/wp\/v2\/types\/post"}],"author":[{"embeddable":true,"href":"http:\/\/aula21.net\/aulablog21\/wp-json\/wp\/v2\/users\/1"}],"replies":[{"embeddable":true,"href":"http:\/\/aula21.net\/aulablog21\/wp-json\/wp\/v2\/comments?post=480"}],"version-history":[{"count":0,"href":"http:\/\/aula21.net\/aulablog21\/wp-json\/wp\/v2\/posts\/480\/revisions"}],"wp:attachment":[{"href":"http:\/\/aula21.net\/aulablog21\/wp-json\/wp\/v2\/media?parent=480"}],"wp:term":[{"taxonomy":"category","embeddable":true,"href":"http:\/\/aula21.net\/aulablog21\/wp-json\/wp\/v2\/categories?post=480"},{"taxonomy":"post_tag","embeddable":true,"href":"http:\/\/aula21.net\/aulablog21\/wp-json\/wp\/v2\/tags?post=480"}],"curies":[{"name":"wp","href":"https:\/\/api.w.org\/{rel}","templated":true}]}}