{"id":4904,"date":"2011-04-10T12:18:28","date_gmt":"2011-04-10T11:18:28","guid":{"rendered":"http:\/\/aula21.net\/aulablog21\/?p=4904"},"modified":"2011-04-12T19:34:15","modified_gmt":"2011-04-12T18:34:15","slug":"mi-musica-en-el-cole","status":"publish","type":"post","link":"http:\/\/aula21.net\/aulablog21\/archives\/2011\/04\/10\/mi-musica-en-el-cole\/","title":{"rendered":"Mi m\u00fasica en el cole"},"content":{"rendered":"<p><!--adsense--><br \/>\nTodos los d\u00edas descubro blogs que me gustan y por falta de tiempo no hago una rese\u00f1a de todos ellos, pero de vez en cuando me gusta destacar alguno, es lo que hago una vez m\u00e1s con el blog <a href=\"http:\/\/mimusicaenelcole.blogspot.com\/\">Mi m\u00fasica en el cole <\/a>de Marina.<br \/>\nLleva poco tiempo, pero la chica promete \u00a0y para eso creo que  tengo un demostrado buen ojo.<br \/>\nSe ha presentado al <a href=\"http:\/\/www.espiraledublogs.org\/2011\/\" target=\"_blank\">V Premio Espiral de Edublogs 20011<\/a> y recientemente ha ganado <a href=\"http:\/\/mimusicaenelcole.blogspot.com\/2011\/03\/ganadores.html\" target=\"_blank\">con sus alumnos un concurso <\/a>de v\u00eddeos y fotos patrocinado por \u00a0Nocilla. Tiene<a href=\"http:\/\/mimusicaeninfantil.blogspot.com\/\" target=\"_blank\"> otro blog para infantil<\/a> y me ha encantado la <a href=\"http:\/\/www.wix.com\/mimusicaenelcole\/juanitoelpirata#\" target=\"_blank\">Unidad did\u00e1ctica Juanito el Pirata<\/a> creada en <a href=\"http:\/\/www.wix.com\/\" target=\"_blank\">Wix<\/a>.<\/p>\n<p><a href=\"http:\/\/www.wix.com\/\" target=\"_blank\"><img loading=\"lazy\" decoding=\"async\" class=\"aligncenter size-full wp-image-4905\" title=\"Sin+t\u00edtulo\" src=\"http:\/\/aula21.net\/aulablog21\/wp-content\/uploads\/2011\/04\/Sin+t\u00edtulo.jpg\" alt=\"Sin+t\u00edtulo\" width=\"400\" height=\"316\" srcset=\"http:\/\/aula21.net\/aulablog21\/wp-content\/uploads\/2011\/04\/Sin+t\u00edtulo.jpg 400w, http:\/\/aula21.net\/aulablog21\/wp-content\/uploads\/2011\/04\/Sin+t\u00edtulo-300x237.jpg 300w\" sizes=\"auto, (max-width: 400px) 100vw, 400px\" \/><\/a><\/p>\n<p>Wix es una herramienta fant\u00e1stica y sobre la misma Mar\u00eda Jes\u00fas Camino public\u00f3 <a href=\"http:\/\/www.educacontic.es\/blog\/chollo-wix\" target=\"_blank\">un complet\u00edsimo art\u00edculo en educ@contic.<\/a><\/p>\n","protected":false},"excerpt":{"rendered":"<p>Todos los d\u00edas descubro blogs que me gustan y por falta de tiempo no hago una rese\u00f1a de todos ellos, pero de vez en cuando me gusta destacar alguno, es lo que hago una vez m\u00e1s con el blog Mi m\u00fasica en el cole de Marina. Lleva poco tiempo, pero la chica promete \u00a0y para [&hellip;]<\/p>\n","protected":false},"author":1,"featured_media":0,"comment_status":"open","ping_status":"open","sticky":false,"template":"","format":"standard","meta":{"footnotes":""},"categories":[2],"tags":[],"class_list":["post-4904","post","type-post","status-publish","format-standard","hentry","category-weblogs_en_el_aula"],"_links":{"self":[{"href":"http:\/\/aula21.net\/aulablog21\/wp-json\/wp\/v2\/posts\/4904","targetHints":{"allow":["GET"]}}],"collection":[{"href":"http:\/\/aula21.net\/aulablog21\/wp-json\/wp\/v2\/posts"}],"about":[{"href":"http:\/\/aula21.net\/aulablog21\/wp-json\/wp\/v2\/types\/post"}],"author":[{"embeddable":true,"href":"http:\/\/aula21.net\/aulablog21\/wp-json\/wp\/v2\/users\/1"}],"replies":[{"embeddable":true,"href":"http:\/\/aula21.net\/aulablog21\/wp-json\/wp\/v2\/comments?post=4904"}],"version-history":[{"count":0,"href":"http:\/\/aula21.net\/aulablog21\/wp-json\/wp\/v2\/posts\/4904\/revisions"}],"wp:attachment":[{"href":"http:\/\/aula21.net\/aulablog21\/wp-json\/wp\/v2\/media?parent=4904"}],"wp:term":[{"taxonomy":"category","embeddable":true,"href":"http:\/\/aula21.net\/aulablog21\/wp-json\/wp\/v2\/categories?post=4904"},{"taxonomy":"post_tag","embeddable":true,"href":"http:\/\/aula21.net\/aulablog21\/wp-json\/wp\/v2\/tags?post=4904"}],"curies":[{"name":"wp","href":"https:\/\/api.w.org\/{rel}","templated":true}]}}